{"id":1083,"date":"2015-11-01T13:18:38","date_gmt":"2015-11-01T13:18:38","guid":{"rendered":"https:\/\/udrugadrstjepankranjcic.wordpress.com\/?p=1083"},"modified":"2015-11-01T13:18:38","modified_gmt":"2015-11-01T13:18:38","slug":"na-sve-svete-na-kranjcicevu-grobu","status":"publish","type":"post","link":"https:\/\/kranjcic.hr\/?p=1083","title":{"rendered":"NA SVE SVETE NA KRANJ\u010cI\u0106EVU GROBU"},"content":{"rendered":"<p>U nedjelju 1. studenoga 2015. na svetkovinu Svih svetih \u010dlanovi Udruge za promicanje znamenitih Kri\u017eev\u010dana \u201eDr. Stjepan Kranj\u010di\u0107&#8221; i kri\u017eeva\u010dki vjernici okupili su se na zajedni\u010dkoj molitvi na grobu \u017eupnika dr. Stjepana Kranj\u010di\u0107a.<!--more--><\/p>\n<p>Toj je molitvi prethodilo polaganje vijenaca s molitvom i odrje\u0161enjem pred sredi\u0161njim kri\u017eem na kri\u017eeva\u010dkom Gradskom groblju. Molitvu na Kranj\u010di\u0107evu grobu, uz nazo\u010dnost kri\u017eeva\u010dkoga grkokatoli\u010dkog \u017eupnika Mihajla Simunovi\u0107a, predvodio je \u017eupnik \u017eupe sv. Ane Stjepan Sovi\u010dek. \u010clanovi Udruge interpretirali su Kranj\u010di\u0107eve stihove, a zbor \u017eupe sv. Ane progodno je zapjevao.<\/p>\n<p>Na kraju su svi izmolili molitvu za otvorenje procesa za progla\u0161enje bla\u017eenim Stjepana Kranj\u010di\u0107a.<\/p>\n\n","protected":false},"excerpt":{"rendered":"<p>U nedjelju 1. studenoga 2015. na svetkovinu Svih svetih \u010dlanovi Udruge za promicanje znamenitih Kri\u017eev\u010dana \u201eDr. Stjepan Kranj\u010di\u0107&#8221; i kri\u017eeva\u010dki vjernici okupili su se na zajedni\u010dkoj molitvi na grobu \u017eupnika dr. Stjepana Kranj\u010di\u0107a.<\/p>\n","protected":false},"author":1,"featured_media":0,"comment_status":"closed","ping_status":"closed","sticky":false,"template":"","format":"standard","meta":{"footnotes":""},"categories":[28,17,18],"tags":[],"class_list":["post-1083","post","type-post","status-publish","format-standard","hentry","category-28","category-svi-sveti","category-zbivanja"],"_links":{"self":[{"href":"https:\/\/kranjcic.hr\/index.php?rest_route=\/wp\/v2\/posts\/1083","targetHints":{"allow":["GET"]}}],"collection":[{"href":"https:\/\/kranjcic.hr\/index.php?rest_route=\/wp\/v2\/posts"}],"about":[{"href":"https:\/\/kranjcic.hr\/index.php?rest_route=\/wp\/v2\/types\/post"}],"author":[{"embeddable":true,"href":"https:\/\/kranjcic.hr\/index.php?rest_route=\/wp\/v2\/users\/1"}],"replies":[{"embeddable":true,"href":"https:\/\/kranjcic.hr\/index.php?rest_route=%2Fwp%2Fv2%2Fcomments&post=1083"}],"version-history":[{"count":0,"href":"https:\/\/kranjcic.hr\/index.php?rest_route=\/wp\/v2\/posts\/1083\/revisions"}],"wp:attachment":[{"href":"https:\/\/kranjcic.hr\/index.php?rest_route=%2Fwp%2Fv2%2Fmedia&parent=1083"}],"wp:term":[{"taxonomy":"category","embeddable":true,"href":"https:\/\/kranjcic.hr\/index.php?rest_route=%2Fwp%2Fv2%2Fcategories&post=1083"},{"taxonomy":"post_tag","embeddable":true,"href":"https:\/\/kranjcic.hr\/index.php?rest_route=%2Fwp%2Fv2%2Ftags&post=1083"}],"curies":[{"name":"wp","href":"https:\/\/api.w.org\/{rel}","templated":true}]}}