{"id":1087,"date":"2015-10-18T13:22:06","date_gmt":"2015-10-18T13:22:06","guid":{"rendered":"https:\/\/udrugadrstjepankranjcic.wordpress.com\/?p=1087"},"modified":"2016-10-27T18:56:55","modified_gmt":"2016-10-27T18:56:55","slug":"stjepan-kranjcic-ili-jesi-ili-nisi","status":"publish","type":"post","link":"https:\/\/kranjcic.hr\/?p=1087","title":{"rendered":"STJEPAN KRANJ\u010cI\u0106: &#8220;ILI JESI ILI NISI&#8221;"},"content":{"rendered":"<p>U emisiji \u201ePoticaji Stjepana Kranj\u010di\u0107a&#8221; Radio Marije u \u010detvrtak 15. listopada 2015. predstavljena je knjiga \u201eIli jesi ili nisi. Svjedo\u010danstva o Stjepanu Kranj\u010di\u0107u&#8221; urednika mons. <span style=\"color:#a18838;\"><strong>Ivana Mikleni\u0107a<\/strong><\/span>.<!--more--><\/p>\n<p>Rije\u010d je o knjizi od oko 70 svjedo\u010danstava koje je o Stjepanu Kranj\u010di\u0107u izgovorila njegova rodbina, prijatelji, poznanici, \u017eupljani, suradnici, kolege. Ta su svjedo\u010danstva prikupljana vi\u0161e godina, a vi\u0161e je svjedoka u me\u0111uvremenu i preminulo. Sva su ta svjedo\u010danstva potpisana i ovjerena od mjerodavnoga crkvenog autoriteta pa mogu i poslu\u017eiti pri eventualnom pokretanju kauze.<\/p>\n<p>O knjizi su govorili urednik mons. Mikleni\u0107 koji je kao v. d. direktora Glasa Koncila i nakladnik knjige te u ime izdava\u010da Udruge za promicanje znamenitih Kri\u017eev\u010dana \u201eDr. Stjepan Kranj\u010di\u0107&#8221;<span style=\"color:#a18838;\"><strong> Tanja Baran<\/strong><\/span>.<\/p>\n<p>Emisiju, koja je zavr\u0161ena molitvom za otvorenje procesa za Kranj\u010di\u0107evo progla\u0161enje bla\u017eenim, vodio je p. Stjepan Fridl.<\/p>\n","protected":false},"excerpt":{"rendered":"<p>U emisiji \u201ePoticaji Stjepana Kranj\u010di\u0107a&#8221; Radio Marije u \u010detvrtak 15. listopada 2015. predstavljena je knjiga \u201eIli jesi ili nisi. Svjedo\u010danstva o Stjepanu Kranj\u010di\u0107u&#8221; urednika mons. Ivana Mikleni\u0107a.<\/p>\n","protected":false},"author":1,"featured_media":0,"comment_status":"closed","ping_status":"closed","sticky":false,"template":"","format":"standard","meta":{"footnotes":""},"categories":[28,13,11],"tags":[],"class_list":["post-1087","post","type-post","status-publish","format-standard","hentry","category-28","category-publikacije","category-poticaji-stjepana-kranjcica"],"_links":{"self":[{"href":"https:\/\/kranjcic.hr\/index.php?rest_route=\/wp\/v2\/posts\/1087","targetHints":{"allow":["GET"]}}],"collection":[{"href":"https:\/\/kranjcic.hr\/index.php?rest_route=\/wp\/v2\/posts"}],"about":[{"href":"https:\/\/kranjcic.hr\/index.php?rest_route=\/wp\/v2\/types\/post"}],"author":[{"embeddable":true,"href":"https:\/\/kranjcic.hr\/index.php?rest_route=\/wp\/v2\/users\/1"}],"replies":[{"embeddable":true,"href":"https:\/\/kranjcic.hr\/index.php?rest_route=%2Fwp%2Fv2%2Fcomments&post=1087"}],"version-history":[{"count":1,"href":"https:\/\/kranjcic.hr\/index.php?rest_route=\/wp\/v2\/posts\/1087\/revisions"}],"predecessor-version":[{"id":3113,"href":"https:\/\/kranjcic.hr\/index.php?rest_route=\/wp\/v2\/posts\/1087\/revisions\/3113"}],"wp:attachment":[{"href":"https:\/\/kranjcic.hr\/index.php?rest_route=%2Fwp%2Fv2%2Fmedia&parent=1087"}],"wp:term":[{"taxonomy":"category","embeddable":true,"href":"https:\/\/kranjcic.hr\/index.php?rest_route=%2Fwp%2Fv2%2Fcategories&post=1087"},{"taxonomy":"post_tag","embeddable":true,"href":"https:\/\/kranjcic.hr\/index.php?rest_route=%2Fwp%2Fv2%2Ftags&post=1087"}],"curies":[{"name":"wp","href":"https:\/\/api.w.org\/{rel}","templated":true}]}}