{"id":1092,"date":"2013-05-16T14:58:09","date_gmt":"2013-05-16T14:58:09","guid":{"rendered":"https:\/\/djecjikranjcic.wordpress.com\/?p=31"},"modified":"2013-05-16T14:58:09","modified_gmt":"2013-05-16T14:58:09","slug":"o-2-djecjem-kranjcicu-na-radio-mariji","status":"publish","type":"post","link":"https:\/\/kranjcic.hr\/?p=1092","title":{"rendered":"O 2. DJE\u010cJEM &#8220;KRANJ\u010cI\u0106U\u201d NA RADIO MARIJI"},"content":{"rendered":"<p>U redovitoj mjese\u010dnoj emisiji Radio Marije \u201ePoticaji Stjepana Kranj\u010di\u0107a\u201d u \u010detvrtak 16. svibnja 2013. analiziran je 2. Susret hrvatskoga dje\u010djega duhovnoga knji\u017eevnoga stvarala\u0161tva \u201eStjepan Kranj\u010di\u0107\u201d.<!--more--><\/p>\n<p>U emisiji su sudjelovale predsjednica stru\u010dnog ocjenjiva\u010dkog suda <span style=\"color:#a18838;\"><strong>Sonja Tomi\u0107<\/strong><\/span>, \u010dlanica <span style=\"color:#a18838;\"><strong>Nada Babi\u0107<\/strong><\/span>, i predsjednica Udruge \u201eDr. Stjepan Kranj\u010di\u0107\u201d <strong><span style=\"color:#a18838;\">Tanja Baran<\/span><\/strong>.<\/p>\n<p>Go\u0161\u0107e su analizirale poetske i prozne radove, igrokaze te likovno stvarala\u0161tvo pristiglo na natje\u010daj. Jo\u0161 je jedanput potvr\u0111ena iznimna vrijednost toga natje\u010daja, a go\u0161\u0107e su nekoliko radove i pro\u010ditale. Najavljeno je i raspisivanje natje\u010daja za 5. susret hrvatskoga duhovnoga knji\u017eevnoga stvarala\u0161tva \u201eStjepan Kranj\u010di\u0107\u201d za odrasle.<\/p>\n<p>Na kraju emisije, koju je vodio o. <strong>Stjepan Fridl<\/strong>, izmoljena je molitva za otvorenje procesa za progla\u0161enje bla\u017eenim Stjepana Kranj\u010di\u0107a.<\/p>\n","protected":false},"excerpt":{"rendered":"<p>U redovitoj mjese\u010dnoj emisiji Radio Marije \u201ePoticaji Stjepana Kranj\u010di\u0107a\u201d u \u010detvrtak 16. svibnja 2013. analiziran je 2. Susret hrvatskoga dje\u010djega duhovnoga knji\u017eevnoga stvarala\u0161tva \u201eStjepan Kranj\u010di\u0107\u201d.<\/p>\n","protected":false},"author":1,"featured_media":0,"comment_status":"open","ping_status":"closed","sticky":false,"template":"","format":"standard","meta":{"footnotes":""},"categories":[40,26,31,11],"tags":[],"class_list":["post-1092","post","type-post","status-publish","format-standard","hentry","category-2-djecji-kranjcic","category-26","category-djecji-kranjcic","category-poticaji-stjepana-kranjcica"],"_links":{"self":[{"href":"https:\/\/kranjcic.hr\/index.php?rest_route=\/wp\/v2\/posts\/1092","targetHints":{"allow":["GET"]}}],"collection":[{"href":"https:\/\/kranjcic.hr\/index.php?rest_route=\/wp\/v2\/posts"}],"about":[{"href":"https:\/\/kranjcic.hr\/index.php?rest_route=\/wp\/v2\/types\/post"}],"author":[{"embeddable":true,"href":"https:\/\/kranjcic.hr\/index.php?rest_route=\/wp\/v2\/users\/1"}],"replies":[{"embeddable":true,"href":"https:\/\/kranjcic.hr\/index.php?rest_route=%2Fwp%2Fv2%2Fcomments&post=1092"}],"version-history":[{"count":0,"href":"https:\/\/kranjcic.hr\/index.php?rest_route=\/wp\/v2\/posts\/1092\/revisions"}],"wp:attachment":[{"href":"https:\/\/kranjcic.hr\/index.php?rest_route=%2Fwp%2Fv2%2Fmedia&parent=1092"}],"wp:term":[{"taxonomy":"category","embeddable":true,"href":"https:\/\/kranjcic.hr\/index.php?rest_route=%2Fwp%2Fv2%2Fcategories&post=1092"},{"taxonomy":"post_tag","embeddable":true,"href":"https:\/\/kranjcic.hr\/index.php?rest_route=%2Fwp%2Fv2%2Ftags&post=1092"}],"curies":[{"name":"wp","href":"https:\/\/api.w.org\/{rel}","templated":true}]}}