{"id":1103,"date":"2013-10-17T19:28:08","date_gmt":"2013-10-17T19:28:08","guid":{"rendered":"https:\/\/djecjikranjcic.wordpress.com\/?p=102"},"modified":"2013-10-17T19:28:08","modified_gmt":"2013-10-17T19:28:08","slug":"o-3-djecjem-kranjcicu-na-radio-mariji","status":"publish","type":"post","link":"https:\/\/kranjcic.hr\/?p=1103","title":{"rendered":"O 3. DJE\u010cJEM \u201eKRANJ\u010cI\u0106U\u201d NA RADIO MARIJI"},"content":{"rendered":"<p>U emisiji \u201ePoticaji Stjepana Kranj\u010di\u0107a\u201d Radio Marije u \u010detvrtak 17. listopada 2013. predstavljen je knji\u017eevni i likovni natje\u010daj za 3. Susret hrvatskoga dje\u010djega duhovnoga stvarala\u0161tva \u201eStjepan Kranj\u010di\u0107\u201d.<!--more--><\/p>\n<p>O uvjetima natje\u010daja i o dosada\u0161njim iskustvima prvih dvaju natje\u010daja govorili su predstavnici organizatora. Uime Osnovne \u0161kole Ljudevita Modeca sudjelovali su ravnatelj <strong><span style=\"color:#a18838;\">Dra\u017een Bokan<\/span><\/strong> te profesorice hrvatskoga jezika i knji\u017eevnosti <span style=\"color:#a18838;\"><strong>Martina Valec Rebi\u0107<\/strong><\/span>, koja je koordinatorica natje\u010daja, i <span style=\"color:#a18838;\"><strong>Danijela Zagorec<\/strong><\/span>, dok je uime Udruge za promicanje znamenitih Kri\u017eev\u010dana \u201eDr. Stjepan Kranj\u010di\u0107\u201d sudjelovala predsjednica <span style=\"color:#a18838;\"><strong>Tanja Baran<\/strong><\/span>.\u00a0Gosti su pro\u010ditali i nekoliko radova s pro\u0161logodi\u0161njeg natje\u010daja te su podijelili nekoliko pro\u0161logodi\u0161njih zbornika slu\u0161ateljima. Emisiju, koja je zaklju\u010dena molitvom za otvorenje procesa za progla\u0161enje bla\u017eenim Stjepana Kranj\u010di\u0107a,\u00a0vodio je o. <span style=\"color:#a18838;\"><strong>Stjepan Fridl<\/strong><\/span>.<\/p>\n<p>&nbsp;<\/p>\n<p>&nbsp;<\/p>\n","protected":false},"excerpt":{"rendered":"<p>U emisiji \u201ePoticaji Stjepana Kranj\u010di\u0107a\u201d Radio Marije u \u010detvrtak 17. listopada 2013. predstavljen je knji\u017eevni i likovni natje\u010daj za 3. Susret hrvatskoga dje\u010djega duhovnoga stvarala\u0161tva \u201eStjepan Kranj\u010di\u0107\u201d.<\/p>\n","protected":false},"author":1,"featured_media":0,"comment_status":"open","ping_status":"closed","sticky":false,"template":"","format":"standard","meta":{"footnotes":""},"categories":[26,43,31,11],"tags":[],"class_list":["post-1103","post","type-post","status-publish","format-standard","hentry","category-26","category-3-djecji-kranjcic","category-djecji-kranjcic","category-poticaji-stjepana-kranjcica"],"_links":{"self":[{"href":"https:\/\/kranjcic.hr\/index.php?rest_route=\/wp\/v2\/posts\/1103","targetHints":{"allow":["GET"]}}],"collection":[{"href":"https:\/\/kranjcic.hr\/index.php?rest_route=\/wp\/v2\/posts"}],"about":[{"href":"https:\/\/kranjcic.hr\/index.php?rest_route=\/wp\/v2\/types\/post"}],"author":[{"embeddable":true,"href":"https:\/\/kranjcic.hr\/index.php?rest_route=\/wp\/v2\/users\/1"}],"replies":[{"embeddable":true,"href":"https:\/\/kranjcic.hr\/index.php?rest_route=%2Fwp%2Fv2%2Fcomments&post=1103"}],"version-history":[{"count":0,"href":"https:\/\/kranjcic.hr\/index.php?rest_route=\/wp\/v2\/posts\/1103\/revisions"}],"wp:attachment":[{"href":"https:\/\/kranjcic.hr\/index.php?rest_route=%2Fwp%2Fv2%2Fmedia&parent=1103"}],"wp:term":[{"taxonomy":"category","embeddable":true,"href":"https:\/\/kranjcic.hr\/index.php?rest_route=%2Fwp%2Fv2%2Fcategories&post=1103"},{"taxonomy":"post_tag","embeddable":true,"href":"https:\/\/kranjcic.hr\/index.php?rest_route=%2Fwp%2Fv2%2Ftags&post=1103"}],"curies":[{"name":"wp","href":"https:\/\/api.w.org\/{rel}","templated":true}]}}