{"id":1105,"date":"2015-06-18T19:36:02","date_gmt":"2015-06-18T19:36:02","guid":{"rendered":"https:\/\/djecjikranjcic.wordpress.com\/?p=106"},"modified":"2015-06-18T19:36:02","modified_gmt":"2015-06-18T19:36:02","slug":"rekapitulacija-4-djecjeg-kranjcica-na-radio-mariji","status":"publish","type":"post","link":"https:\/\/kranjcic.hr\/?p=1105","title":{"rendered":"REKAPITULACIJA 4. DJE\u010cJEG &#8220;KRANJ\u010cI\u0106A\u201d NA RADIO MARIJI"},"content":{"rendered":"<p>Emisija \u201ePoticaji Stjepana Kranj\u010di\u0107a&#8221; na Radio Mariji, emitirana u \u010detvrtak 18. lipnja 2015., bila je prilika za rekapitulaciju u subotu 25. travnja 2015. u Kri\u017eevcima odr\u017eanog 4. Susreta hrvatskoga dje\u010djega \u00a0duhovnoga stvaral\u0161tva \u201eStjepan Kranj\u010di\u0107&#8221;.<!--more--><\/p>\n<p>O natje\u010daju i susretu govorile su predsjednica i \u010dlanica stru\u010dnog ocjenjiva\u010dkog suda<span style=\"color:#a18838;\"><strong> Sonja Tomi\u0107<\/strong><\/span> i <span style=\"color:#a18838;\"><strong>Nada Babi\u0107<\/strong><\/span> te predsjednica Udruge za promicanje znamenitih Kri\u017eev\u010dana \u201eDr. Stjepan Kranj\u010di\u0107&#8221; <span style=\"color:#a18838;\"><strong>Tanja Baran<\/strong><\/span>. Predstavnice struke govorile su o tome kakvi su radovi na natje\u010daj stigli, je li bilo te\u0161ko izabrati najbolje, predstavile su zbornik najuspjelijih radova \u201eTvoja sam svije\u0107a&#8230;&#8221;, govorile su o vrijednosti natje\u010daja i susreta Dje\u010djega \u201eKranj\u010di\u0107a&#8221;, a tijekom emisije pro\u010ditale su nekoliko radova. Tanja Baran je govorila o uspje\u0161noj suradnji Osnovne \u0161kole Ljudevita Modeca i Udruge \u201eDr. Stjepan Kranj\u010di\u0107&#8221; koje organiziraju Dje\u010dji \u201eKranj\u010di\u0107&#8221; te o ljepotama i te\u0161ko\u0107ama pri izvedbi.<\/p>\n<p>Emisija, koju je vodio <span style=\"color:#a18838;\"><strong>Antonio Kolar<\/strong><\/span>, zavr\u0161ena je molitvom za otvorenje procesa za progla\u0161enje bla\u017eenim Stjepana Kranj\u010di\u0107a.<\/p>\n<p>&nbsp;<\/p>\n","protected":false},"excerpt":{"rendered":"<p>Emisija \u201ePoticaji Stjepana Kranj\u010di\u0107a&#8221; na Radio Mariji, emitirana u \u010detvrtak 18. lipnja 2015., bila je prilika za rekapitulaciju u subotu 25. travnja 2015. u Kri\u017eevcima odr\u017eanog 4. Susreta hrvatskoga dje\u010djega \u00a0duhovnoga stvaral\u0161tva \u201eStjepan Kranj\u010di\u0107&#8221;.<\/p>\n","protected":false},"author":1,"featured_media":0,"comment_status":"open","ping_status":"closed","sticky":false,"template":"","format":"standard","meta":{"footnotes":""},"categories":[28,46,31,11,18],"tags":[],"class_list":["post-1105","post","type-post","status-publish","format-standard","hentry","category-28","category-4-djecji-kranjcic","category-djecji-kranjcic","category-poticaji-stjepana-kranjcica","category-zbivanja"],"_links":{"self":[{"href":"https:\/\/kranjcic.hr\/index.php?rest_route=\/wp\/v2\/posts\/1105","targetHints":{"allow":["GET"]}}],"collection":[{"href":"https:\/\/kranjcic.hr\/index.php?rest_route=\/wp\/v2\/posts"}],"about":[{"href":"https:\/\/kranjcic.hr\/index.php?rest_route=\/wp\/v2\/types\/post"}],"author":[{"embeddable":true,"href":"https:\/\/kranjcic.hr\/index.php?rest_route=\/wp\/v2\/users\/1"}],"replies":[{"embeddable":true,"href":"https:\/\/kranjcic.hr\/index.php?rest_route=%2Fwp%2Fv2%2Fcomments&post=1105"}],"version-history":[{"count":0,"href":"https:\/\/kranjcic.hr\/index.php?rest_route=\/wp\/v2\/posts\/1105\/revisions"}],"wp:attachment":[{"href":"https:\/\/kranjcic.hr\/index.php?rest_route=%2Fwp%2Fv2%2Fmedia&parent=1105"}],"wp:term":[{"taxonomy":"category","embeddable":true,"href":"https:\/\/kranjcic.hr\/index.php?rest_route=%2Fwp%2Fv2%2Fcategories&post=1105"},{"taxonomy":"post_tag","embeddable":true,"href":"https:\/\/kranjcic.hr\/index.php?rest_route=%2Fwp%2Fv2%2Ftags&post=1105"}],"curies":[{"name":"wp","href":"https:\/\/api.w.org\/{rel}","templated":true}]}}