{"id":1109,"date":"2013-03-15T19:53:31","date_gmt":"2013-03-15T19:53:31","guid":{"rendered":"https:\/\/djecjikranjcic.wordpress.com\/?p=123"},"modified":"2013-03-15T19:53:31","modified_gmt":"2013-03-15T19:53:31","slug":"rezultati-natjecaja-za-2-susret-hrvatskoga-djecjega-duhovnoga-stvaralastva-stjepan-kranjcic","status":"publish","type":"post","link":"https:\/\/kranjcic.hr\/?p=1109","title":{"rendered":"REZULTATI NATJE\u010cAJA ZA 2. SUSRET HRVATSKOGA DJE\u010cJEGA DUHOVNOGA STVARALA\u0160TVA &#8220;STJEPAN KRANJ\u010cI\u0106&#8221;"},"content":{"rendered":"<p>Stru\u010dno ocjenjiva\u010dko povjerenstvo za knji\u017eevni natje\u010daj u sastavu: <strong><span style=\"color:#a18838;\">Sonja Tomi\u0107<\/span><\/strong> (predsjednica), <span style=\"color:#a18838;\"><strong>Nada Babi\u0107<\/strong><\/span> i<span style=\"color:#a18838;\"><strong> Vojmil \u017dic<\/strong><\/span> te stru\u010dno ocjenjiva\u010dko povjerenstvo za likovni natje\u010daj u sastavu: Sonja Tomi\u0107 (predsjednica), <span style=\"color:#a18838;\"><strong>Tomislav Bunta<\/strong><strong>k<\/strong><\/span> i Vojmil \u017dic, nakon \u0161to je pro\u010ditalo i pogledalo radove koje smo mu mi organizatori dostavili bez podataka o autorima, donijelo je odluku o rezultatima ovogodi\u0161njega natje\u010daja.<\/p>\n<p><!--more--><\/p>\n<p><a href=\"http:\/\/www.os-ljmodeca-kc.skole.hr\/upload\/os-ljmodeca-kc\/images\/static3\/958\/attachment\/Rezultati_2._Kranjcica.pdf\" target=\"_blank\">Rezultati<\/a><\/p>\n","protected":false},"excerpt":{"rendered":"<p>Stru\u010dno ocjenjiva\u010dko povjerenstvo za knji\u017eevni natje\u010daj u sastavu: Sonja Tomi\u0107 (predsjednica), Nada Babi\u0107 i Vojmil \u017dic te stru\u010dno ocjenjiva\u010dko povjerenstvo za likovni natje\u010daj u sastavu: Sonja Tomi\u0107 (predsjednica), Tomislav Buntak i Vojmil \u017dic, nakon \u0161to je pro\u010ditalo i pogledalo radove koje smo mu mi organizatori dostavili bez podataka o autorima,&hellip; <\/p>\n","protected":false},"author":1,"featured_media":0,"comment_status":"open","ping_status":"closed","sticky":false,"template":"","format":"standard","meta":{"footnotes":""},"categories":[40,26,31],"tags":[],"class_list":["post-1109","post","type-post","status-publish","format-standard","hentry","category-2-djecji-kranjcic","category-26","category-djecji-kranjcic"],"_links":{"self":[{"href":"https:\/\/kranjcic.hr\/index.php?rest_route=\/wp\/v2\/posts\/1109","targetHints":{"allow":["GET"]}}],"collection":[{"href":"https:\/\/kranjcic.hr\/index.php?rest_route=\/wp\/v2\/posts"}],"about":[{"href":"https:\/\/kranjcic.hr\/index.php?rest_route=\/wp\/v2\/types\/post"}],"author":[{"embeddable":true,"href":"https:\/\/kranjcic.hr\/index.php?rest_route=\/wp\/v2\/users\/1"}],"replies":[{"embeddable":true,"href":"https:\/\/kranjcic.hr\/index.php?rest_route=%2Fwp%2Fv2%2Fcomments&post=1109"}],"version-history":[{"count":0,"href":"https:\/\/kranjcic.hr\/index.php?rest_route=\/wp\/v2\/posts\/1109\/revisions"}],"wp:attachment":[{"href":"https:\/\/kranjcic.hr\/index.php?rest_route=%2Fwp%2Fv2%2Fmedia&parent=1109"}],"wp:term":[{"taxonomy":"category","embeddable":true,"href":"https:\/\/kranjcic.hr\/index.php?rest_route=%2Fwp%2Fv2%2Fcategories&post=1109"},{"taxonomy":"post_tag","embeddable":true,"href":"https:\/\/kranjcic.hr\/index.php?rest_route=%2Fwp%2Fv2%2Ftags&post=1109"}],"curies":[{"name":"wp","href":"https:\/\/api.w.org\/{rel}","templated":true}]}}