{"id":1116,"date":"2016-01-07T19:29:30","date_gmt":"2016-01-07T19:29:30","guid":{"rendered":"http:\/\/djecji-kranjcic.hr\/?p=227"},"modified":"2016-01-07T19:29:30","modified_gmt":"2016-01-07T19:29:30","slug":"os-visoko-nakon-4-djecjeg-kranjcica-i-7-dana-hrvatskih-svetaca-i-blazenika-krizevcima-kod-dominikanaca-u-zagrebu","status":"publish","type":"post","link":"https:\/\/kranjcic.hr\/?p=1116","title":{"rendered":"O\u0160 VISOKO NAKON 4. DJE\u010cJEG KRANJ\u010cI\u0106A I 7. DANA HRVATSKIH SVETACA I BLA\u017dENIKA KRI\u017dEVCIMA &#8211; KOD DOMINIKANACA U ZAGREBU"},"content":{"rendered":"<p>Na blagdan dominikanca sv. Rajmunda Penjafortskog u \u010detvrtak 7. sije\u010dnja 2016. u organizaciji Hrvatske dominikanske provincije u\u010denici dramske dru\u017eine Osnovne \u0161kole Visoko kraj Novoga Marofa u crkvi su Kraljice svete krunice na zagreba\u010dkoj Koloniji izveli dva igrokaza posve\u0107ena dominikanskim bla\u017eenicama.<!--more--><\/p>\n<p>Prvi je igrokaz posve\u0107en najstarijoj hrvatskoj bla\u017eenici pod nazivom \u201eBla\u017eena Ozana Kotorska\u201d i drugi nazvan \u201eBiser\u201d u \u010dast dominikanske bla\u017eenice Margarete iz Metole.<\/p>\n<p>Vrlo lijepe kra\u0107e dramsko-scenske prikaze izvelo je dvadesetak djece uz vodstvo svojega mentora, pedagoga i etnologa u O\u0160 Visoko <strong><span style=\"color:#a18838;\">Tibora Martana<\/span><\/strong>. Te je igrokaze mladost iz Visokog osmislila i izvela tijekom 2015. u Kri\u017eevcima. Igrokaz posve\u0107en bl. Ozani izveden je na 7. Danima hrvatskih svetaca i bla\u017eenika, a igrokaz \u201eBiser\u201d izveden je na 4. Susretu hrvatskoga dje\u010djega duhovnoga stvarala\u0161tva \u201eStjepan Kranj\u010di\u0107\u201d, zato \u0161to je prema ocjeni stru\u010dnog ocjenjiva\u010dkog suda osvojio prvu nagradu u \u017eanru igrokaza. Objedinjeni, igrokazi su postali lijep dar djece i mladih iz Visokog dominikancima i dominikankama uz jubilej 800 godina Reda propovjednika koji je u tijeku.<\/p>\n<p>Dramsko-scenskom prikazu prethodilo je misno slavlje koje je predvodio dominikanski provincijal o. <span style=\"color:#a18838;\"><strong>Anto Gavri\u0107<\/strong><\/span>, a suslavio je \u017eupnik \u017eupe Presvetog Trojstva iz Visokog <span style=\"color:#a18838;\"><strong>Ivan \u0160estak<\/strong><\/span> koji je dopratio djecu. Tijekom mise pjevao je dje\u010dji crkveni zbor \u201eGabrijel\u201d iz \u017eupe Visoko predvo\u0111en dirigenticom <span style=\"color:#a18838;\"><strong>Teom Je\u017e<\/strong><\/span>.<\/p>\n\n<p>&nbsp;<\/p>\n<p>&nbsp;<\/p>\n","protected":false},"excerpt":{"rendered":"<p>Na blagdan dominikanca sv. Rajmunda Penjafortskog u \u010detvrtak 7. sije\u010dnja 2016. u organizaciji Hrvatske dominikanske provincije u\u010denici dramske dru\u017eine Osnovne \u0161kole Visoko kraj Novoga Marofa u crkvi su Kraljice svete krunice na zagreba\u010dkoj Koloniji izveli dva igrokaza posve\u0107ena dominikanskim bla\u017eenicama.<\/p>\n","protected":false},"author":1,"featured_media":0,"comment_status":"open","ping_status":"closed","sticky":false,"template":"","format":"standard","meta":{"footnotes":""},"categories":[29,46,31,18],"tags":[],"class_list":["post-1116","post","type-post","status-publish","format-standard","hentry","category-29","category-4-djecji-kranjcic","category-djecji-kranjcic","category-zbivanja"],"_links":{"self":[{"href":"https:\/\/kranjcic.hr\/index.php?rest_route=\/wp\/v2\/posts\/1116","targetHints":{"allow":["GET"]}}],"collection":[{"href":"https:\/\/kranjcic.hr\/index.php?rest_route=\/wp\/v2\/posts"}],"about":[{"href":"https:\/\/kranjcic.hr\/index.php?rest_route=\/wp\/v2\/types\/post"}],"author":[{"embeddable":true,"href":"https:\/\/kranjcic.hr\/index.php?rest_route=\/wp\/v2\/users\/1"}],"replies":[{"embeddable":true,"href":"https:\/\/kranjcic.hr\/index.php?rest_route=%2Fwp%2Fv2%2Fcomments&post=1116"}],"version-history":[{"count":0,"href":"https:\/\/kranjcic.hr\/index.php?rest_route=\/wp\/v2\/posts\/1116\/revisions"}],"wp:attachment":[{"href":"https:\/\/kranjcic.hr\/index.php?rest_route=%2Fwp%2Fv2%2Fmedia&parent=1116"}],"wp:term":[{"taxonomy":"category","embeddable":true,"href":"https:\/\/kranjcic.hr\/index.php?rest_route=%2Fwp%2Fv2%2Fcategories&post=1116"},{"taxonomy":"post_tag","embeddable":true,"href":"https:\/\/kranjcic.hr\/index.php?rest_route=%2Fwp%2Fv2%2Ftags&post=1116"}],"curies":[{"name":"wp","href":"https:\/\/api.w.org\/{rel}","templated":true}]}}