{"id":133,"date":"2014-08-30T21:05:25","date_gmt":"2014-08-30T21:05:25","guid":{"rendered":"https:\/\/sveciiblazenici.wordpress.com\/?p=133"},"modified":"2014-08-30T21:05:25","modified_gmt":"2014-08-30T21:05:25","slug":"izlozba-sa-6-dana-hrvatskih-svetaca-i-blazenika-u-krizevcima-preseljena-u-trogir","status":"publish","type":"post","link":"https:\/\/kranjcic.hr\/?p=133","title":{"rendered":"IZLO\u017dBA SA 6. DANA HRVATSKIH SVETACA I BLA\u017dENIKA U KRI\u017dEVCIMA PRESELJENA U TROGIR"},"content":{"rendered":"<p>Nakon sve\u010danoga euharistijskog slavlja u nacionalnom sveti\u0161tu bl. Augustina Ka\u017eoti\u0107a u bla\u017eenikovu rodnom Trogiru na njegov blagdan u nedjelju 3. kolovoza, u Muzeju grada Trogira otvorena je izlo\u017eba akademskoga grafi\u010dara <strong><span style=\"color:#a18838;\">Matka Antol\u010di\u0107a<\/span><\/strong> \u201eHrvatski sveci i bla\u017eenici u na\u0161em narodu\u201d.<!--more--><\/p>\n<p>Autor je kroz petnaestak portreta najve\u0107ih hrvatskih duhovnih velikana dao svoju viziju njihovih \u017eivota, \u017eivotnih poruka, mu\u010deni\u010dkih ili kreposnih odluka za Gospodina, zadr\u017eavaju\u0107i fizi\u010dku prepoznatljivost u oblikovanju likova, ali ih i predstavljaju\u0107i na suvremen, moderan na\u010din, koriste\u0107i raznolike likovne tehnike. Tako su, primjerice, Drinske mu\u010denice prikazane svaka u jednom prozorskom oknu, a sv. Leopold Bogdan Mandi\u0107 iza ispovjedni\u010dkih re\u0161etaka ispred kojih je postavljeno i klecalo za onoga koji se ispovijeda.<\/p>\n<p>Na predstavljanju su uz autora govorili trogirski gradona\u010delnik<span style=\"color:#a18838;\"><strong> Ante Stip\u010di\u0107<\/strong><\/span> i ravnateljica Muzeja grada Trogira dr. <span style=\"color:#a18838;\"><strong>Fani Celio-Cega<\/strong><\/span>, izlo\u017ebu su predstavili vlasnica Galerije hrvatske sakralne umjetnosti \u201eLaudato\u201d <span style=\"color:#a18838;\"><strong>Ksenija Abramovi\u0107<\/strong><\/span> koja je i organizirala izlo\u017ebu i likovni kriti\u010dar prof. <span style=\"color:#a18838;\"><strong>Stanko \u0160poljari\u0107<\/strong><\/span>, dok je izlo\u017ebu otvorio provincijal Hrvatske dominikanske provincije dr. <span style=\"color:#a18838;\"><strong>Anto Gavri\u0107<\/strong><\/span>. Glazbeni obol sve\u010danosti dao je bariton <span style=\"color:#a18838;\"><strong>Vlatko Belas<\/strong><\/span> uz korepeticiju <span style=\"color:#a18838;\"><strong>Vinka Buble<\/strong><\/span>, stihove posve\u0107ene hrvatskim svecima i bla\u017eenicima interpretirali su <span style=\"color:#a18838;\"><strong>Ana Baran<\/strong> <\/span>i <span style=\"color:#a18838;\"><strong>Tomislav Bara<\/strong><strong>n<\/strong><\/span>, a kroz program je vodila predsjednica Udruge za promicanje znamenitih Kri\u017eev\u010dana \u201eDr. Stjepan Kranj\u010di\u0107\u201d\u00a0dr. <span style=\"color:#a18838;\"><strong>Tanja Baran<\/strong><\/span>.<\/p>\n<p>Galerija \u201eLaudato\u201d iz Zagreba od 1. Dana hrvatskih svetaca i bla\u017eenika \u0161to se svake godine odr\u017eavaju u Kri\u017eevcima, rodnom gradu tre\u0107ega hrvatskog sveca Marka Kri\u017eev\u010danina, za potrebe t\u0113 \u010detverodnevne manifestacije redovito organizira izlo\u017ebu s temom hrvatskih svetaca i bla\u017eenika. Ove je godine, nakon 6. kri\u017eeva\u010dkih dana posve\u0107enih hrvatskom duhovnim velikanima, odlu\u010deno da \u0107e izlo\u017eba putovati po Hrvatskoj. Tako \u0107e nakon Ka\u017eoti\u0107eva rodnog grada, izlo\u017eba u \u010detvrtak 11. rujna, uo\u010di Redovni\u010dkih dana, biti otvorena u likovnoj galeriji \u201eFr. Vinko Draganja\u201d dominikanskoga samostana u Splitu te na blagdan za\u0161titnika umjetnika bl. fra Angelica u srijedu 18. velja\u010de 2015. u samostanu i \u017eupi bl. Augustina Ka\u017eoti\u0107a na Pe\u0161\u010denici u Zagrebu.<\/p>\n\n","protected":false},"excerpt":{"rendered":"<p>Nakon sve\u010danoga euharistijskog slavlja u nacionalnom sveti\u0161tu bl. Augustina Ka\u017eoti\u0107a u bla\u017eenikovu rodnom Trogiru na njegov blagdan u nedjelju 3. kolovoza, u Muzeju grada Trogira otvorena je izlo\u017eba akademskoga grafi\u010dara Matka Antol\u010di\u0107a \u201eHrvatski sveci i bla\u017eenici u na\u0161em narodu\u201d.<\/p>\n","protected":false},"author":1,"featured_media":0,"comment_status":"closed","ping_status":"closed","sticky":false,"template":"","format":"standard","meta":{"footnotes":""},"categories":[27,51,30],"tags":[],"class_list":["post-133","post","type-post","status-publish","format-standard","hentry","category-27","category-6-dani-hsib","category-dani-hrvatskih-svetaca-i-blazenika"],"_links":{"self":[{"href":"https:\/\/kranjcic.hr\/index.php?rest_route=\/wp\/v2\/posts\/133","targetHints":{"allow":["GET"]}}],"collection":[{"href":"https:\/\/kranjcic.hr\/index.php?rest_route=\/wp\/v2\/posts"}],"about":[{"href":"https:\/\/kranjcic.hr\/index.php?rest_route=\/wp\/v2\/types\/post"}],"author":[{"embeddable":true,"href":"https:\/\/kranjcic.hr\/index.php?rest_route=\/wp\/v2\/users\/1"}],"replies":[{"embeddable":true,"href":"https:\/\/kranjcic.hr\/index.php?rest_route=%2Fwp%2Fv2%2Fcomments&post=133"}],"version-history":[{"count":0,"href":"https:\/\/kranjcic.hr\/index.php?rest_route=\/wp\/v2\/posts\/133\/revisions"}],"wp:attachment":[{"href":"https:\/\/kranjcic.hr\/index.php?rest_route=%2Fwp%2Fv2%2Fmedia&parent=133"}],"wp:term":[{"taxonomy":"category","embeddable":true,"href":"https:\/\/kranjcic.hr\/index.php?rest_route=%2Fwp%2Fv2%2Fcategories&post=133"},{"taxonomy":"post_tag","embeddable":true,"href":"https:\/\/kranjcic.hr\/index.php?rest_route=%2Fwp%2Fv2%2Ftags&post=133"}],"curies":[{"name":"wp","href":"https:\/\/api.w.org\/{rel}","templated":true}]}}