{"id":1364,"date":"2014-11-01T16:22:19","date_gmt":"2014-11-01T16:22:19","guid":{"rendered":"https:\/\/udrugadrstjepankranjcic.wordpress.com\/?p=1364"},"modified":"2014-11-01T16:22:19","modified_gmt":"2014-11-01T16:22:19","slug":"molitva-na-grobu-dr-stjepana-kranjcica-na-krizevackom-gradskom-groblju","status":"publish","type":"post","link":"https:\/\/kranjcic.hr\/?p=1364","title":{"rendered":"MOLITVA NA GROBU DR. STJEPANA KRANJ\u010cI\u0106A NA KRI\u017dEVA\u010cKOM GRADSKOM GROBLJU"},"content":{"rendered":"<p>Na svetkovinu Svih svetih, u subotu 1. studenoga 2014., kri\u017eeva\u010dki \u017eupnik <span style=\"color:#a18838;\"><strong>Stjepan Sovi\u010dek<\/strong><\/span> predvodio je molitvu na grobu dr. Stjepana Kranj\u010di\u0107a na kri\u017eeva\u010dkom Gradskom groblju.<!--more--><\/p>\n<p>Sudjelovao su kri\u017eeva\u010dki grkokatoli\u010dki \u017eupnik <strong><span style=\"color:#a18838;\">Mihajlo Simunovi\u0107<\/span><\/strong>, kri\u017eeva\u010dki dogradona\u010delnik <span style=\"color:#a18838;\"><strong>Tomislav Katanovi\u0107<\/strong><\/span> i brojni vjernici. Molitvena je sve\u010danost oboga\u0107ena pjevom zbora \u017eupe sv. Ane. Toj je molitvi prethodilo odrje\u0161enje s molitvom pred sredi\u0161njim kri\u017eem na kri\u017eeva\u010dkom groblju.<\/p>\n\n","protected":false},"excerpt":{"rendered":"<p>Na svetkovinu Svih svetih, u subotu 1. studenoga 2014., kri\u017eeva\u010dki \u017eupnik Stjepan Sovi\u010dek predvodio je molitvu na grobu dr. Stjepana Kranj\u010di\u0107a na kri\u017eeva\u010dkom Gradskom groblju.<\/p>\n","protected":false},"author":1,"featured_media":0,"comment_status":"closed","ping_status":"closed","sticky":false,"template":"","format":"standard","meta":{"footnotes":""},"categories":[27,17],"tags":[],"class_list":["post-1364","post","type-post","status-publish","format-standard","hentry","category-27","category-svi-sveti"],"_links":{"self":[{"href":"https:\/\/kranjcic.hr\/index.php?rest_route=\/wp\/v2\/posts\/1364","targetHints":{"allow":["GET"]}}],"collection":[{"href":"https:\/\/kranjcic.hr\/index.php?rest_route=\/wp\/v2\/posts"}],"about":[{"href":"https:\/\/kranjcic.hr\/index.php?rest_route=\/wp\/v2\/types\/post"}],"author":[{"embeddable":true,"href":"https:\/\/kranjcic.hr\/index.php?rest_route=\/wp\/v2\/users\/1"}],"replies":[{"embeddable":true,"href":"https:\/\/kranjcic.hr\/index.php?rest_route=%2Fwp%2Fv2%2Fcomments&post=1364"}],"version-history":[{"count":0,"href":"https:\/\/kranjcic.hr\/index.php?rest_route=\/wp\/v2\/posts\/1364\/revisions"}],"wp:attachment":[{"href":"https:\/\/kranjcic.hr\/index.php?rest_route=%2Fwp%2Fv2%2Fmedia&parent=1364"}],"wp:term":[{"taxonomy":"category","embeddable":true,"href":"https:\/\/kranjcic.hr\/index.php?rest_route=%2Fwp%2Fv2%2Fcategories&post=1364"},{"taxonomy":"post_tag","embeddable":true,"href":"https:\/\/kranjcic.hr\/index.php?rest_route=%2Fwp%2Fv2%2Ftags&post=1364"}],"curies":[{"name":"wp","href":"https:\/\/api.w.org\/{rel}","templated":true}]}}