{"id":1372,"date":"2014-10-25T16:27:20","date_gmt":"2014-10-25T16:27:20","guid":{"rendered":"https:\/\/udrugadrstjepankranjcic.wordpress.com\/?p=1372"},"modified":"2014-10-25T16:27:20","modified_gmt":"2014-10-25T16:27:20","slug":"odrzan-prvi-znanstveni-skup-hrvatska-knjizevnost-krscanskoga-nadahnuca-proslost-i-suvremenost","status":"publish","type":"post","link":"https:\/\/kranjcic.hr\/?p=1372","title":{"rendered":"ODR\u017dAN PRVI ZNANSTVENI SKUP &#8220;HRVATSKA KNJI\u017dEVNOST KR\u0160\u0106ANSKOGA NADAHNU\u0106A \u2013 PRO\u0160LOST I SUVREMENOST&#8221;"},"content":{"rendered":"<p>U organizaciji Hrvatskih studija Sveu\u010dili\u0161ta u Zagrebu, Glasa Koncila i Udruge za promicanje znamenitih Kri\u017eev\u010dana \u201eDr. Stjepan Kranj\u010di\u0107\u201d u Kri\u017eevcima je u subotu 25. listopada 2014. odr\u017ean prvi znanstveni skup \u201eHrvatska knji\u017eevnost kr\u0161\u0107anskoga nadahnu\u0107a \u2013 pro\u0161lost i suvremenost\u201d. Na znanstvenom je skupu sudjelovalo 24 znanstvenika iz cijele Hrvatske.<!--more--><\/p>\n<h2><span style=\"color:#ff0000;\">Pozdravni govori<\/span><\/h2>\n<p>Sve\u010danost otvorenja zapo\u010dela je pozdravnim govorom predsjednice Udruge za promicanje znamenitih Kri\u017eev\u010dana \u201eDr. Stjepan Kranj\u010di\u0107\u201d dr. <strong><span style=\"color:#a18838;\">Tanje Baran<\/span><\/strong> koja je okupljenima predstavila Kri\u017eevce kao iznimno sna\u017eno vjersko sredi\u0161te jo\u0161 iz davnina te je ispripovijedala da su u Udruzi \u201eDr. Stjepan Kranj\u010di\u0107\u201d na ideju o odr\u017eavanju znanstvenoga skupa do\u0161li nakon \u0161to su objavili knjigu knji\u017eevnih radova dr. Kranj\u010di\u0107a \u201eZa\u0161to me pozvao Gospod?\u201d te nakon \u0161to ve\u0107 vi\u0161e godina redovito organiziraju dva natje\u010daja za kr\u0161\u0107ansku knji\u017eevnost koji su na nacionalnoj razini Susret hrvatskoga duhovnoga knji\u017eevnoga stvarala\u0161tva \u201eStjepan Kranj\u010di\u0107\u201d i Susret hrvatskoga dje\u010djega duhovnoga stvarala\u0161tva \u201eStjepan Kranj\u010di\u0107\u201d.<\/p>\n<p>Uime Hrvatskih studija i kao predsjednik Organizacijskog odbora znanstvenoga skupa govorio je prof. dr. <span style=\"color:#a18838;\"><strong>Mario Gr\u010devi\u0107<\/strong><\/span> objasniv\u0161i da je cilj znanstvenoga skupa znanstveno analizirati i vrednovati zanemarenu hrvatsku knji\u017eevnost kr\u0161\u0107anskoga nadahnu\u0107a te dati doprinos premo\u0161\u0107ivanju umjetno stvorenoga diskontinuiteta u hrvatskoj knji\u017eevnosti i kulturi op\u0107enito. Naglasio je da \u0107e radovi sa znanstvenoga skupa biti recenzirani i tiskani u \u010dasopisu \u201eKroatologija\u201d Hrvatskih studija tijekom 2015. godine, a da \u0107e sljede\u0107i znanstveni skup biti odr\u017ean za dvije godine.<\/p>\n<p>Glavni urednik i v. d. direktora Glasa Koncila mons. <span style=\"color:#a18838;\"><strong>Ivan Mikleni\u0107<\/strong><\/span> odr\u017eavanje znanstvenoga skupa nazvao je povijesnim trenutkom jer organizatori bijenalnim odr\u017eavanjem znanstvenoga skupa planiraju kontinuirano osvjetljavati knji\u017eevnost koja je dosad bila na marginama kulturnoga i knji\u017eevnoga interesa u Hrvatskoj. Podsjetio je i na mnogobrojne doprinose Glasa Koncila promociji hrvatske knji\u017eevnosti kr\u0161\u0107anskoga nadahnu\u0107a u 51 godini postojanja lista.<\/p>\n<p class=\"Default\">Znanstvenom skupu nazo\u010dili su u ime civilnih vlasti kri\u017eeva\u010dki dogradona\u010delnik <span style=\"color:#a18838;\"><strong>Tomislav Katanovi\u0107<\/strong><\/span>, a u ime crkvenih vlasti bjelovarsko-kri\u017eeva\u010dki biskup dr. <span style=\"color:#a18838;\"><strong>Vjekoslav Huzjak<\/strong><\/span> te kri\u017eeva\u010dki \u017eupnici <span style=\"color:#a18838;\"><strong>Stjepan Sovi\u010dek<\/strong> <\/span>i <span style=\"color:#a18838;\"><strong>Dra\u017een Hladuvka<\/strong><\/span>.<\/p>\n<p class=\"Default\">Biskup Huzjak je u obra\u0107anju okupljenima istaknuo da se u na\u0161em dru\u0161tvo neprestano zanemaruje sve ono \u0161to je kr\u0161\u0107anskoga nadahnu\u0107a. Podsjetio je na va\u017ene knji\u017eevne forme koje je knji\u017eevnosti darivala Crkva \u2013 na homilije, propovijedi, ali da se to, kao i cjelokupna knji\u017eevnost kr\u0161\u0107anskoga nadahnu\u0107a, dosad premalo vrednovalo. \u201eHrvatska knji\u017eevnost kr\u0161\u0107anskoga nadahnu\u0107a knji\u017eevnost je koja se nadahnjuje bo\u017eanskim i hrvatskom su dru\u0161tvu va\u017ene perspektive poput ovoga znanstvenog skupa jer bi \u010dovjek, kada bi se prepustio samo dnevno-politi\u010dkim i medijskom ponudama, brzo do\u0161ao u stanje letargije, mrtvila\u201d, naglasio je biskup Huzjak i zaklju\u010dio da Kri\u017eevci, koji nose naboj brojnog i raznolikog hrvatskoga stvarala\u0161tva, zaslu\u017euju biti gradom doma\u0107inom takve va\u017ene znanstvene i kulturolo\u0161ke inicijative.<\/p>\n<h2 class=\"Default\"><span style=\"color:#ff0000;\">Prva sesija<\/span><\/h2>\n<p class=\"Default\">Program znanstvenoga skupa bio je podijeljen u dvije sesije, u prvoj su tematizirana starija razdoblja hrvatske knji\u017eevnosti, a u drugoj 20. stolje\u0107e, s naglaskom na komunisti\u010dko razdoblje u kojem je ve\u0107ina katoli\u010dkih pisaca stvarala u skrovitosti svojih domova ili u emigraciji.<\/p>\n<p class=\"Default\">O temi \u201eLiturgijski jezik Katoli\u010dke Crkve i hrvatski knji\u017eevni jezik\u201d u prvoj je sesiji govorio <strong><span style=\"color:#a18838;\">Mario Gr\u010devi\u0107<\/span><\/strong>, Abrahamovu \u017ertva kao inicijalni mit u tri monoteisti\u010dke religije i njezine stoljetne ikonografske i narativne pretvorbe predstavila je <span style=\"color:#a18838;\"><strong>Viktoria Frani\u0107 Tomi\u0107<\/strong><\/span>. <span style=\"color:#a18838;\"><strong>Pavao Knezovi\u0107<\/strong><\/span> govorio je o sv. Jeronimu u hrvatskom latinitetu renesanse, a <span style=\"color:#a18838;\"><strong>Marinko \u0160i\u0161ak<\/strong><\/span> dao je kr\u0161\u0107anske primjere u Gu\u010deti\u0107evu odgojnom nauku. <span style=\"color:#a18838;\"><strong>Anela Mateljak Popi\u0107<\/strong><\/span> predstavila je doprinos franjevca \u0110ure Rapi\u0107a hrvatskoj propovijednoj knji\u017eevnosti 18. stolje\u0107a, a <span style=\"color:#a18838;\"><strong>Goranka \u0160utalo<\/strong><\/span> govorila je o predod\u017ebama o Grcima u Kani\u017eli\u0107evoj teolo\u0161koj i crkvenohistorijskoj polemici Kamen pravi smutnje velike (Osijek, 1780). Zatim je <span style=\"color:#a18838;\"><strong>Kristina Jug<\/strong> <\/span>predstavila anonimne kajkavske dramske adaptacije s kraja 18. i po\u010detka 19. stolje\u0107a i njihov kr\u0161\u0107anski svjetonazor, <span style=\"color:#a18838;\"><strong>Stjepan Razum<\/strong><\/span> je analizirao doprinos Hrvatskoga knji\u017eevnog dru\u0161tva sv. Jeronima hrvatskoj knji\u017eevnosti kr\u0161\u0107anskoga nadahnu\u0107a, <span style=\"color:#a18838;\"><strong>Hrvojka Mihanovi\u0107-Salopek<\/strong><\/span> interpretirala je duhovno pjesni\u0161tvo Velimira De\u017eeli\u0107a starijeg (povodom 150. obljetnice ro\u0111enja). Tema <span style=\"color:#a18838;\"><strong>Mirjane Zvonkovi\u0107<\/strong><\/span> bila je \u201eVerba movent, exempla trahunt: don Nikola Batisti\u0107 i hrvatska pu\u010dka hagiografska knji\u017eevnost krajem 19. i po\u010detkom 20. stolje\u0107a\u201d, a tema <span style=\"color:#a18838;\"><strong>Seada Muhamedagi\u0107a<\/strong><\/span> \u201eDuhovnost \u2013 \u017eila kucavica poezije. (Ne)razvidnost duhovnosti u novijoj hrvatskoj lirici\u201d. <span style=\"color:#a18838;\"><strong>Sanja Vuli\u0107<\/strong><\/span> govorila je o vjerskim temama u djelima hrvatskih knji\u017eevnika iz ma\u0111arskoga dijela Ba\u010dke, a <span style=\"color:#a18838;\"><strong>Tanja Baran<\/strong><\/span> o kr\u0161\u0107anstvu i usmenoj knji\u017eevnosti kri\u017eeva\u010dkoga kraja.<\/p>\n<h2 class=\"Default\"><span style=\"color:#ff0000;\">Druga\u00a0sesija<\/span><\/h2>\n<p class=\"Default\">U drugoj je sesiji <span style=\"color:#a18838;\"><strong>Stjepan Lice<\/strong><\/span> govorio o djelu Side Ko\u0161uti\u0107 kao o knji\u017eevnosti svjetlosti. <span style=\"color:#a18838;\"><strong>Anto Gavri\u0107<\/strong><\/span> predstavio je dominikanske likove kod hrvatskih knji\u017eevnica, a <span style=\"color:#a18838;\"><strong>Zdravko Gavran<\/strong><\/span> Kupareove pripovijesti: od doga\u0111aja do (intuiranog) do\u017eivljaja i umjetni\u010dkog iskaza. <span style=\"color:#a18838;\"><strong>Veronika Mila Popi\u0107<\/strong><\/span> govorila je o temi \u201eSestra Bernardina Horvat, milosrdnica: U sjenama povijesti\u201d, <span style=\"color:#a18838;\"><strong>Jasna \u0160ego<\/strong><\/span> prikazala je egzistencijalne, duhovne i eshatolo\u0161ke obzore Viktora Vide, a <span style=\"color:#a18838;\"><strong>Matilda Koli\u0107 Stani\u0107<\/strong><\/span> Luku Brajnovi\u0107a, knji\u017eevnika koji je zadu\u017eio hrvatsku kulturu.\u00a0Tema <span style=\"color:#a18838;\"><strong>Ru\u017eice P\u0161ihistal<\/strong><\/span> bila je \u201eRije\u010d i \u0161utnja. Razgovori s Bogom u pjesni\u0161tvu Ton\u010dija Petrasova Marovi\u0107a\u201d,<span style=\"color:#a18838;\"><strong> Stjepan Tomi\u0107<\/strong> <\/span>predstavio je Bajsi\u0107evu inovaciju u kratkoj pri\u010di. <span style=\"color:#a18838;\"><strong>Vladimir Lon\u010darevi\u0107 <\/strong><\/span>dao je idejne vidike katoli\u010dke kritike Miroslava Krle\u017ee, <span style=\"color:#a18838;\"><strong>\u017deljko Vegh<\/strong><\/span> je opisao sudbinu knjiga kr\u0161\u0107anske tematike u Gradskoj knji\u017enici u Zagrebu u doba komunizma, dok je <span style=\"color:#a18838;\"><strong>Boris Beck<\/strong><\/span> analizirao stilske osobine pjesni\u0161tva \u010cede Antoli\u0107a, uz nazo\u010dnost analiziranoga autora.<\/p>\n<p>Znanstveni skup odr\u017ean je uz potporu Ministarstva kulture RH, Grada Kri\u017eevaca i Radnika d. o. o.<\/p>\n<h2><span style=\"color:#ff0000;\">Prilozi<\/span><\/h2>\n<p><a href=\"http:\/\/novo.kranjcic.hr\/wp-content\/uploads\/2016\/05\/hkkn-2014-plakat.pdf\">Plakat<\/a><br \/>\n<a href=\"http:\/\/novo.kranjcic.hr\/wp-content\/uploads\/2016\/05\/hkkn-2014-pozivnica.pdf\">Pozivnica<\/a><br \/>\n<a href=\"http:\/\/novo.kranjcic.hr\/wp-content\/uploads\/2016\/05\/hkkn-2014-program.pdf\">Program<br \/>\n<\/a><a href=\"http:\/\/novo.kranjcic.hr\/wp-content\/uploads\/2016\/05\/logo-u-pdf-u.pdf\">Logo<\/a><\/p>\n\n<p>&nbsp;<\/p>\n","protected":false},"excerpt":{"rendered":"<p>U organizaciji Hrvatskih studija Sveu\u010dili\u0161ta u Zagrebu, Glasa Koncila i Udruge za promicanje znamenitih Kri\u017eev\u010dana \u201eDr. Stjepan Kranj\u010di\u0107\u201d u Kri\u017eevcima je u subotu 25. listopada 2014. odr\u017ean prvi znanstveni skup \u201eHrvatska knji\u017eevnost kr\u0161\u0107anskoga nadahnu\u0107a \u2013 pro\u0161lost i suvremenost\u201d. Na znanstvenom je skupu sudjelovalo 24 znanstvenika iz cijele Hrvatske.<\/p>\n","protected":false},"author":1,"featured_media":0,"comment_status":"closed","ping_status":"closed","sticky":false,"template":"","format":"standard","meta":{"footnotes":""},"categories":[27,19],"tags":[],"class_list":["post-1372","post","type-post","status-publish","format-standard","hentry","category-27","category-znanstveni-skupovi"],"_links":{"self":[{"href":"https:\/\/kranjcic.hr\/index.php?rest_route=\/wp\/v2\/posts\/1372","targetHints":{"allow":["GET"]}}],"collection":[{"href":"https:\/\/kranjcic.hr\/index.php?rest_route=\/wp\/v2\/posts"}],"about":[{"href":"https:\/\/kranjcic.hr\/index.php?rest_route=\/wp\/v2\/types\/post"}],"author":[{"embeddable":true,"href":"https:\/\/kranjcic.hr\/index.php?rest_route=\/wp\/v2\/users\/1"}],"replies":[{"embeddable":true,"href":"https:\/\/kranjcic.hr\/index.php?rest_route=%2Fwp%2Fv2%2Fcomments&post=1372"}],"version-history":[{"count":1,"href":"https:\/\/kranjcic.hr\/index.php?rest_route=\/wp\/v2\/posts\/1372\/revisions"}],"predecessor-version":[{"id":4057,"href":"https:\/\/kranjcic.hr\/index.php?rest_route=\/wp\/v2\/posts\/1372\/revisions\/4057"}],"wp:attachment":[{"href":"https:\/\/kranjcic.hr\/index.php?rest_route=%2Fwp%2Fv2%2Fmedia&parent=1372"}],"wp:term":[{"taxonomy":"category","embeddable":true,"href":"https:\/\/kranjcic.hr\/index.php?rest_route=%2Fwp%2Fv2%2Fcategories&post=1372"},{"taxonomy":"post_tag","embeddable":true,"href":"https:\/\/kranjcic.hr\/index.php?rest_route=%2Fwp%2Fv2%2Ftags&post=1372"}],"curies":[{"name":"wp","href":"https:\/\/api.w.org\/{rel}","templated":true}]}}