{"id":1382,"date":"2014-10-24T17:16:52","date_gmt":"2014-10-24T17:16:52","guid":{"rendered":"https:\/\/udrugadrstjepankranjcic.wordpress.com\/?p=1382"},"modified":"2014-10-24T17:16:52","modified_gmt":"2014-10-24T17:16:52","slug":"odrzana-redovita-skupstina-udruge-dr-stjepan-kranjcic","status":"publish","type":"post","link":"https:\/\/kranjcic.hr\/?p=1382","title":{"rendered":"ODR\u017dANA REDOVITA SKUP\u0160TINA UDRUGE &#8220;DR. STJEPAN KRANJ\u010cI\u0106&#8221;"},"content":{"rendered":"<p>U velikoj vije\u0107nici grada Kri\u017eevaca u petak 24. listopada 2014. odr\u017eana je redovita skup\u0161tina Udruge za promicanje znamenitih Kri\u017eev\u010dana \u201eDr. Stjepan Kranj\u010di\u0107\u201d.<!--more--><\/p>\n<p>Skup\u0161tina je zapo\u010dela molitvom koju je predvodio kri\u017eeva\u010dki \u017eupnik \u017eupe sv. Ane <strong><span style=\"color:#a18838;\">Stjepan Sovi\u010dek<\/span><\/strong>. Zatim je predsjednica Udruge <span style=\"color:#a18838;\"><strong>Tanja Baran<\/strong> <\/span>podnijela izvje\u0161taj o djelovanju Udruge u proteklih godinu dana. Prema njenim rije\u010dima, klju\u010dni projekti koje je Udruga ostvarila od zadnje skup\u0161tine bili su: 5. Susret hrvatskoga duhovnoga knji\u017eevnoga stvarala\u0161tva \u201eStjepan Kranj\u010di\u0107\u201d i 6. Dani hrvatskih svetaca i bla\u017eenika, dva projekta koji su na nacionalnoj razini. Istaknula je da je Udruga, u suradnji s kri\u017eeva\u010dkom Osnovnom \u0161kolom Ljudevita Modeca, unato\u010d financijskim pote\u0161ko\u0107ama, ustraje na projektu na nacionalnoj razini koji je odli\u010dno za\u017eivio &#8211; na natje\u010daju i Susretu hrvatskoga dje\u010djega duhovnoga stvarala\u0161tva \u201eStjepan Kranj\u010di\u0107\u201d za\u00a0 knji\u017eevno i likovno stvarala\u0161tvo u\u010denika osnovnih \u0161kola u RH. Velikim i Dje\u010djim\u00a0\u201eKranj\u010di\u0107em\u201d, Kri\u017eevci se, prema rije\u010dima Tanje Baran, name\u0107u kao sredi\u0161te suvremene hrvatske duhovne knji\u017eevnosti, a dosada\u0161nji su projekti oboga\u0107eni i prvim znanstvenim skupom \u201eHrvatska knji\u017eevnost kr\u0161\u0107anskoga nadanu\u0107a \u2013 pro\u0161lost i suvremenost\u201d koji se 25. listopada 2014., dan poslije skup\u0161tine, odr\u017eava u Kri\u017eevcima. \u010clanove je skup\u0161tine izvijestila i o ostalim sadr\u017eajima koje je Udruga ostvarila u proteklih godinu dana o \u010demu svi zainteresirani redovito mogu \u010ditati na mre\u017enim stranicama Udruge, s naglaskom na izvedeni oratorij \u201eJa sam put, istina i \u017eivot\u201d Stjepanu Kranj\u010di\u0107u u \u010dast autora mo. Ivana \u017dana.<\/p>\n<p>Tajnica Udruge <span style=\"color:#a18838;\"><strong>Valentina Juri\u0161i\u0107<\/strong><\/span> podnijela je izvje\u0161\u0107e Upravnog odbora, potpredsjednik Udruge <span style=\"color:#a18838;\"><strong>\u017deljko \u0160tubel<\/strong><\/span>j dao je financijsko izvje\u0161\u0107e, a vl\u010d. <span style=\"color:#a18838;\"><strong>Dra\u017een Hladuvka<\/strong> <\/span>podnio je izvje\u0161\u0107e Nadzornog odbora. Na kraju su \u010dlanovi skup\u0161tine usvojili plan djelovanja i financijski plan Udruge za 2015. godinu, a predsjednica Udruge posebnu je zahvalu na svakoj pomo\u0107i kao djelatniku Pu\u010dkog otvorenog u\u010dili\u0161ta Kri\u017eevci izrazila \u010dlanu Udruge <span style=\"color:#a18838;\"><strong>Marcelu Kova\u010di\u0107u<\/strong><\/span> koji, ne svojom voljom, odlazi najprije na burzu pa onda u mirovinu.<\/p>\n\n","protected":false},"excerpt":{"rendered":"<p>U velikoj vije\u0107nici grada Kri\u017eevaca u petak 24. listopada 2014. odr\u017eana je redovita skup\u0161tina Udruge za promicanje znamenitih Kri\u017eev\u010dana \u201eDr. Stjepan Kranj\u010di\u0107\u201d.<\/p>\n","protected":false},"author":1,"featured_media":0,"comment_status":"closed","ping_status":"closed","sticky":false,"template":"","format":"standard","meta":{"footnotes":""},"categories":[27,15],"tags":[],"class_list":["post-1382","post","type-post","status-publish","format-standard","hentry","category-27","category-skupstine"],"_links":{"self":[{"href":"https:\/\/kranjcic.hr\/index.php?rest_route=\/wp\/v2\/posts\/1382","targetHints":{"allow":["GET"]}}],"collection":[{"href":"https:\/\/kranjcic.hr\/index.php?rest_route=\/wp\/v2\/posts"}],"about":[{"href":"https:\/\/kranjcic.hr\/index.php?rest_route=\/wp\/v2\/types\/post"}],"author":[{"embeddable":true,"href":"https:\/\/kranjcic.hr\/index.php?rest_route=\/wp\/v2\/users\/1"}],"replies":[{"embeddable":true,"href":"https:\/\/kranjcic.hr\/index.php?rest_route=%2Fwp%2Fv2%2Fcomments&post=1382"}],"version-history":[{"count":0,"href":"https:\/\/kranjcic.hr\/index.php?rest_route=\/wp\/v2\/posts\/1382\/revisions"}],"wp:attachment":[{"href":"https:\/\/kranjcic.hr\/index.php?rest_route=%2Fwp%2Fv2%2Fmedia&parent=1382"}],"wp:term":[{"taxonomy":"category","embeddable":true,"href":"https:\/\/kranjcic.hr\/index.php?rest_route=%2Fwp%2Fv2%2Fcategories&post=1382"},{"taxonomy":"post_tag","embeddable":true,"href":"https:\/\/kranjcic.hr\/index.php?rest_route=%2Fwp%2Fv2%2Ftags&post=1382"}],"curies":[{"name":"wp","href":"https:\/\/api.w.org\/{rel}","templated":true}]}}