{"id":1388,"date":"2014-10-16T17:24:01","date_gmt":"2014-10-16T17:24:01","guid":{"rendered":"https:\/\/udrugadrstjepankranjcic.wordpress.com\/?p=1388"},"modified":"2014-10-16T17:24:01","modified_gmt":"2014-10-16T17:24:01","slug":"najavljen-znanstveni-skup-hrvatska-knjizevnost-krscanskoga-nadahnuca-proslost-i-suvremenost","status":"publish","type":"post","link":"https:\/\/kranjcic.hr\/?p=1388","title":{"rendered":"NAJAVLJEN ZNANSTVENI SKUP &#8220;HRVATSKA KNJI\u017dEVNOST KR\u0160\u0106ANSKOGA NADAHNU\u0106A &#8211; PRO\u0160LOST I SUVREMENOST&#8221;"},"content":{"rendered":"<p>U emisiji \u201ePoticaji Stjepana Kranj\u010di\u0107a&#8221; Radio Marije u \u010detvrtak 16. listopada 2014. najavljen je prvi znanstveni skup \u201eHrvatska knji\u017eevnost kr\u0161\u0107anskoga nadahnu\u0107a &#8211; pro\u0161lost i suvremenost&#8221;.<!--more--><\/p>\n<p>Uredniku emisije o. <strong><span style=\"color:#a18838;\">Stjepanu Fridlu<\/span> <\/strong>gostovalo je troje \u010dlanova Organizacijskog odbora znanstvenoga skupa: doc. dr. <span style=\"color:#a18838;\"><strong>Marinko \u0160i\u0161ak<\/strong> <\/span>s Hrvatskih studija Sveu\u010dili\u0161ta u Zagrebu, prof. <span style=\"color:#a18838;\"><strong>Branimir Stani\u0107<\/strong><\/span> iz Glasa Koncila i dr. sc.<span style=\"color:#a18838;\"><strong> Tanja Baran<\/strong><\/span> iz Udruge za promicanje znamenitih Kri\u017eev\u010dana \u201eDr. Stjepan Kranj\u010di\u0107&#8221;.<\/p>\n<p>Govorili su u tome za\u0161to je knji\u017eevnost kr\u0161\u0107anskoga nadahnu\u0107a u Hrvatskoj zanemarena posebice u 20. stolje\u0107u i naglasili da je tu knji\u017eevnost va\u017eno vrednovati i ugraditi je u neideologiziranu povijest hrvatske knji\u017eevnosti te je ugraditi u programe sveu\u010dili\u0161ne nastave. Gosti su istaknuli da \u0107e na znanstvenom skupu sudjelovati 28 znanstvenika iz cijele Hrvatske, a da \u0107e nakon toga radovi biti recenzirani i objavljeni tijekom 2015. u \u010dasopisu Hrvatskih studija \u201eKroatologija&#8221;.<\/p>\n<p>Na kraju emisije izmoljena je molitva za progla\u0161enje bla\u017eenim Stjepana Kranj\u010di\u0107a.<\/p>\n","protected":false},"excerpt":{"rendered":"<p>U emisiji \u201ePoticaji Stjepana Kranj\u010di\u0107a&#8221; Radio Marije u \u010detvrtak 16. listopada 2014. najavljen je prvi znanstveni skup \u201eHrvatska knji\u017eevnost kr\u0161\u0107anskoga nadahnu\u0107a &#8211; pro\u0161lost i suvremenost&#8221;.<\/p>\n","protected":false},"author":1,"featured_media":0,"comment_status":"closed","ping_status":"closed","sticky":false,"template":"","format":"standard","meta":{"footnotes":""},"categories":[27,11,19],"tags":[],"class_list":["post-1388","post","type-post","status-publish","format-standard","hentry","category-27","category-poticaji-stjepana-kranjcica","category-znanstveni-skupovi"],"_links":{"self":[{"href":"https:\/\/kranjcic.hr\/index.php?rest_route=\/wp\/v2\/posts\/1388","targetHints":{"allow":["GET"]}}],"collection":[{"href":"https:\/\/kranjcic.hr\/index.php?rest_route=\/wp\/v2\/posts"}],"about":[{"href":"https:\/\/kranjcic.hr\/index.php?rest_route=\/wp\/v2\/types\/post"}],"author":[{"embeddable":true,"href":"https:\/\/kranjcic.hr\/index.php?rest_route=\/wp\/v2\/users\/1"}],"replies":[{"embeddable":true,"href":"https:\/\/kranjcic.hr\/index.php?rest_route=%2Fwp%2Fv2%2Fcomments&post=1388"}],"version-history":[{"count":0,"href":"https:\/\/kranjcic.hr\/index.php?rest_route=\/wp\/v2\/posts\/1388\/revisions"}],"wp:attachment":[{"href":"https:\/\/kranjcic.hr\/index.php?rest_route=%2Fwp%2Fv2%2Fmedia&parent=1388"}],"wp:term":[{"taxonomy":"category","embeddable":true,"href":"https:\/\/kranjcic.hr\/index.php?rest_route=%2Fwp%2Fv2%2Fcategories&post=1388"},{"taxonomy":"post_tag","embeddable":true,"href":"https:\/\/kranjcic.hr\/index.php?rest_route=%2Fwp%2Fv2%2Ftags&post=1388"}],"curies":[{"name":"wp","href":"https:\/\/api.w.org\/{rel}","templated":true}]}}