{"id":1390,"date":"2014-09-18T17:26:00","date_gmt":"2014-09-18T17:26:00","guid":{"rendered":"https:\/\/udrugadrstjepankranjcic.wordpress.com\/?p=1390"},"modified":"2014-09-18T17:26:00","modified_gmt":"2014-09-18T17:26:00","slug":"dr-gavric-o-sv-marku-i-na-radio-mariji","status":"publish","type":"post","link":"https:\/\/kranjcic.hr\/?p=1390","title":{"rendered":"DR. GAVRI\u0106 O SV. MARKU I NA RADIO MARIJI"},"content":{"rendered":"<p>Nakon \u0161to je o temi \u201eAktualizacija sv. Marka Kri\u017eev\u010danina u dana\u0161njem hrvatskom dru\u0161tvu&#8221; dominikanski provincijal dr. <strong><span style=\"color:#a18838;\">Anto Gavri\u0107<\/span><\/strong> govorio u sklopu dvotjednih dana sv. Marka Kri\u017eev\u010danina u ponedjeljak 8. rujna u Kri\u017eevcima, o toj je temi u \u010detvrtak 18. rujna 2014. progovorio i na Radio Mariji u redovitoj mjese\u010dnoj emisiji \u201ePoticaji Stjepana Kranj\u010di\u0107a&#8221;.<!--more--><\/p>\n<p>Govorio je o vezama dominikanaca i sv. Marka Kri\u017eev\u010danina, o njegovom istovremenom univerzalnom i rodoljubnom djelovanju, o njegovim utjecajima na bl. Alojzija Stepinca i \u017eupnika Stjepana Kranj\u010di\u0107a, a izdvojio je i \u0161to njegove poruke govore dana\u0161njim hrvatskim politi\u010darima i oblikovateljima dru\u0161tvene situacije. U emisiji koju je vodio glavni urednik Radio Marije o. <span style=\"color:#a18838;\"><strong>Stjepan Fridl<\/strong><\/span>, sudjelovala je i predsjednica Udruga za promicanje znamenitih Kri\u017eev\u010dana \u201eDr. Stjepan Kranj\u010di\u0107&#8221;<span style=\"color:#a18838;\"><strong> Tanja Baran<\/strong> <\/span>te najavila budu\u0107e programe Udruge.<\/p>\n<p>Na kraju su svi izmolili molitvu za otvorenje procesa za progla\u0161enje bla\u017eenim Stjepana Kranj\u010di\u0107a.<\/p>\n","protected":false},"excerpt":{"rendered":"<p>Nakon \u0161to je o temi \u201eAktualizacija sv. Marka Kri\u017eev\u010danina u dana\u0161njem hrvatskom dru\u0161tvu&#8221; dominikanski provincijal dr. Anto Gavri\u0107 govorio u sklopu dvotjednih dana sv. Marka Kri\u017eev\u010danina u ponedjeljak 8. rujna u Kri\u017eevcima, o toj je temi u \u010detvrtak 18. rujna 2014. progovorio i na Radio Mariji u redovitoj mjese\u010dnoj emisiji&hellip; <\/p>\n","protected":false},"author":1,"featured_media":0,"comment_status":"closed","ping_status":"closed","sticky":false,"template":"","format":"standard","meta":{"footnotes":""},"categories":[27,11,16],"tags":[],"class_list":["post-1390","post","type-post","status-publish","format-standard","hentry","category-27","category-poticaji-stjepana-kranjcica","category-sveti-marko-krizevcanin"],"_links":{"self":[{"href":"https:\/\/kranjcic.hr\/index.php?rest_route=\/wp\/v2\/posts\/1390","targetHints":{"allow":["GET"]}}],"collection":[{"href":"https:\/\/kranjcic.hr\/index.php?rest_route=\/wp\/v2\/posts"}],"about":[{"href":"https:\/\/kranjcic.hr\/index.php?rest_route=\/wp\/v2\/types\/post"}],"author":[{"embeddable":true,"href":"https:\/\/kranjcic.hr\/index.php?rest_route=\/wp\/v2\/users\/1"}],"replies":[{"embeddable":true,"href":"https:\/\/kranjcic.hr\/index.php?rest_route=%2Fwp%2Fv2%2Fcomments&post=1390"}],"version-history":[{"count":0,"href":"https:\/\/kranjcic.hr\/index.php?rest_route=\/wp\/v2\/posts\/1390\/revisions"}],"wp:attachment":[{"href":"https:\/\/kranjcic.hr\/index.php?rest_route=%2Fwp%2Fv2%2Fmedia&parent=1390"}],"wp:term":[{"taxonomy":"category","embeddable":true,"href":"https:\/\/kranjcic.hr\/index.php?rest_route=%2Fwp%2Fv2%2Fcategories&post=1390"},{"taxonomy":"post_tag","embeddable":true,"href":"https:\/\/kranjcic.hr\/index.php?rest_route=%2Fwp%2Fv2%2Ftags&post=1390"}],"curies":[{"name":"wp","href":"https:\/\/api.w.org\/{rel}","templated":true}]}}