{"id":1399,"date":"2014-09-08T17:32:33","date_gmt":"2014-09-08T17:32:33","guid":{"rendered":"https:\/\/udrugadrstjepankranjcic.wordpress.com\/?p=1399"},"modified":"2014-09-08T17:32:33","modified_gmt":"2014-09-08T17:32:33","slug":"dominikanski-provincijal-anto-gavric-aktualizirao-zivot-i-poruke-sv-marka-krizevcanina","status":"publish","type":"post","link":"https:\/\/kranjcic.hr\/?p=1399","title":{"rendered":"DOMINIKANSKI PROVINCIJAL ANTO GAVRI\u0106 AKTUALIZIRAO \u017dIVOT I PORUKE SV. MARKA KRI\u017dEV\u010cANINA"},"content":{"rendered":"<p>U sklopu dvotjednih dana sv. Marka Kri\u017eev\u010danina u Kri\u017eevcima je u ponedjeljak 8. rujna 2014., na blagdan Male Gospe, provincijal Hrvatske dominikanske provincije dr. <strong><span style=\"color:#a18838;\">Anto Gavri\u0107<\/span><\/strong> odr\u017eao predavanje \u201eAktualizacija \u017eivota i poruka sv. Marka Kri\u017eev\u010danina u dana\u0161njem hrvatskom dru\u0161tvu\u201d.<!--more--><\/p>\n<p>Kao glavne odlike sv. Marka dr. Gavri\u0107 je izdvojio njegovu dobru teolo\u0161ku formaciju, formaciju u duhovnom \u017eivotu, zbog \u010dega je mogao u\u0107i u dijalog s drugima, njegov univerzalizam po kojemu je, iako je bio zare\u0111en za Zagreba\u010dku biskupiju, bio otvoren za potrebe op\u0107e Crkve, zatim povezanost s drugima iz razli\u010ditih zemalja u srednjoeuropskoj drami 17. stolje\u0107a te njegovo ekumensko djelovanje. \u201eSve su te Markove odlike itekako sna\u017eno svjedo\u010danstvo i za dana\u0161nje hrvatsko dru\u0161tvo\u201d, naglasio je dr. Gavri\u0107 te ispripovijedao kako su aktualnost sve\u010deva \u017eivota i poruka do\u017eivljavali sv. papa Ivan Pavao II., bl. Alojzije Stepinac i kri\u017eeva\u010dki \u017eupnik na glasu svetosti Stjepan Kranj\u010di\u0107.<\/p>\n<p>Kao dominikanac dr. Gavri\u0107 je izdvojio nekoliko poveznica izme\u0111u dominikanaca i sv. Marka Kri\u017eev\u010danina. Jedna je prijedlog fr. Tome Vere\u0161a Ma\u0111arima za razmjenu relikvija glave ugarskoga kralja sv. Stjepana koja se \u010duva u dominikanskom samostanu u Dubrovniku za relikviju glave sv. Marka Kri\u017eev\u010danina koja se \u010duva u ostrogonskoj katedrali. Druga je do\u017eivljaj dominikanske tre\u0107oredice sveta \u017eivota iz Bosne Mandaljene pobjednice iz 17. stolje\u0107a koja je bila spremna \u017ertvovati svoj \u017eivot da\u00a0 Marko bude progla\u0161en svetim, \u0161to je detaljno opisano u povijesnom romanu Velimira De\u017eeli\u0107a st. \u201eTa se kanonizacija ipak dugo \u010dekala\u201d, istaknuo je dr. Gavri\u0107, \u201eponajprije zbog hrvatskoga nemara.\u201d Kao tre\u0107u poveznicu dominikanaca i sv. Marka dr. Gavri\u0107 je govorio o Markovu poznavanju mu\u010deni\u0161tva prema nauku sv. Tome Akvinskoga.<\/p>\n<p>Na kraju je predava\u010d kao va\u017enu poruku Markova \u017eivota za dana\u0161nje vrijeme izdvojio sve\u010devu osvije\u0161tenost za op\u0107e dobro te sve\u010devu samosvijest. Markove te\u017enje za zajedni\u010dkim dobrom ljudi i naroda dr. Gavri\u0107 je okupljenima posvijestio Markovim rije\u010dima napisanima 15. srpnja 1612.: \u201eNakon studija vratit \u0107u se u domovinu. Ne\u0107u se baviti gra\u0111anskim pravom niti lije\u010dni\u0161tvom, niti \u0107u \u017eivjeti dvorskim na\u010dinom \u017eivota. Ako ustreba po\u0107i \u0107u i prije u domovinu, ako to bude zahtijevalo dobro ljudi.\u201d A Markovu samosvijest po kojoj se odri\u010de upravlja\u010dkih pozicija jer se smatrao korisnijim u nekoj drugoj slu\u017ebi dr. Gavri\u0107 je obrazlo\u017eio citiraju\u0107i Markove rije\u010di napisane nadle\u017enom biskupu 4. travnja 1619.: \u201eNe mo\u017eemo svi sve. Jedan mo\u017ee jedno, drugi drugo. Moja je narav takva da ne mogu biti upravitelj imanja. Stoga molim da mi se odredi druga\u010diji na\u010din slu\u017eenja u kojem \u0107u biti korisniji.\u201d<\/p>\n<p>Predavanju u kri\u017eeva\u010dkoj \u017eupnoj crkvi sv. Ane prethodilo je misno slavlje koje je predvodio dr. Gavri\u0107, a suslavio je doma\u0107i \u017eupnik <span style=\"color:#a18838;\"><strong>Stjepan Sovi\u010dek<\/strong><\/span>. Misu i predavanje glazbeno je obogatio Zbor mladih kri\u017eeva\u010dkih \u017eupa \u201eCrisinus\u201d, a \u010dlanice Udruge za promicanje znamenitih Kri\u017eev\u010dana \u201eDr. Stjepan Kranj\u010di\u0107\u201d interpretirale su stihove posve\u0107ene sv. Marku Kri\u017eev\u010daninu.<\/p>\n\n","protected":false},"excerpt":{"rendered":"<p>U sklopu dvotjednih dana sv. Marka Kri\u017eev\u010danina u Kri\u017eevcima je u ponedjeljak 8. rujna 2014., na blagdan Male Gospe, provincijal Hrvatske dominikanske provincije dr. Anto Gavri\u0107 odr\u017eao predavanje \u201eAktualizacija \u017eivota i poruka sv. Marka Kri\u017eev\u010danina u dana\u0161njem hrvatskom dru\u0161tvu\u201d.<\/p>\n","protected":false},"author":1,"featured_media":0,"comment_status":"closed","ping_status":"closed","sticky":false,"template":"","format":"standard","meta":{"footnotes":""},"categories":[27,16],"tags":[],"class_list":["post-1399","post","type-post","status-publish","format-standard","hentry","category-27","category-sveti-marko-krizevcanin"],"_links":{"self":[{"href":"https:\/\/kranjcic.hr\/index.php?rest_route=\/wp\/v2\/posts\/1399","targetHints":{"allow":["GET"]}}],"collection":[{"href":"https:\/\/kranjcic.hr\/index.php?rest_route=\/wp\/v2\/posts"}],"about":[{"href":"https:\/\/kranjcic.hr\/index.php?rest_route=\/wp\/v2\/types\/post"}],"author":[{"embeddable":true,"href":"https:\/\/kranjcic.hr\/index.php?rest_route=\/wp\/v2\/users\/1"}],"replies":[{"embeddable":true,"href":"https:\/\/kranjcic.hr\/index.php?rest_route=%2Fwp%2Fv2%2Fcomments&post=1399"}],"version-history":[{"count":0,"href":"https:\/\/kranjcic.hr\/index.php?rest_route=\/wp\/v2\/posts\/1399\/revisions"}],"wp:attachment":[{"href":"https:\/\/kranjcic.hr\/index.php?rest_route=%2Fwp%2Fv2%2Fmedia&parent=1399"}],"wp:term":[{"taxonomy":"category","embeddable":true,"href":"https:\/\/kranjcic.hr\/index.php?rest_route=%2Fwp%2Fv2%2Fcategories&post=1399"},{"taxonomy":"post_tag","embeddable":true,"href":"https:\/\/kranjcic.hr\/index.php?rest_route=%2Fwp%2Fv2%2Ftags&post=1399"}],"curies":[{"name":"wp","href":"https:\/\/api.w.org\/{rel}","templated":true}]}}