{"id":1477,"date":"2014-04-12T18:17:42","date_gmt":"2014-04-12T18:17:42","guid":{"rendered":"https:\/\/udrugadrstjepankranjcic.wordpress.com\/?p=1477"},"modified":"2014-04-12T18:17:42","modified_gmt":"2014-04-12T18:17:42","slug":"misno-slavlje-i-izvedba-kranjcicu-posvecenog-biblijskog-oratorija-uz-46-godisnjicu-smrti-krizevackoga-zupnika-stjepana-kranjcica-u-crkvi-sv-marka-zagrebu","status":"publish","type":"post","link":"https:\/\/kranjcic.hr\/?p=1477","title":{"rendered":"MISNO SLAVLJE I IZVEDBA KRANJ\u010cI\u0106U POSVE\u0106ENOG BIBLIJSKOG ORATORIJA UZ 46. GODI\u0160NJICU SMRTI KRI\u017dEVA\u010cKOGA \u017dUPNIKA STJEPANA KRANJ\u010cI\u0106A U CRKVI SV. MARKA ZAGREBU"},"content":{"rendered":"<p>Spomen-misnim slavljem te zagreba\u010dkom izvedbom biblijskog oratorija \u201eJa sam put, istina i \u017eivot\u201d autora mo. <span style=\"color:#a18838;\"><strong>Ivana \u017dana<\/strong> <\/span>u crkvi sv. Marka na zagreba\u010dkom Gornjem gradu u subotu 12. travnja 2014. spomenuta je 46. godi\u0161njica smrti kri\u017eeva\u010dkoga \u017eupnika dr. Stjepana Kranj\u010di\u0107a.<!--more--><\/p>\n<p>Dva dana prije, u \u010detvrtak 10. travnja, sje\u0107anje na \u017eupnika Stjepana Kranj\u010di\u0107a odr\u017eano je u Kri\u017eevcima u kojima je sve\u0107enik Kranj\u010di\u0107 zaslu\u017eio glas svetosti.<\/p>\n<h2><span style=\"color:#ff0000;\">Misno slavlje<\/span><\/h2>\n<p>Misno je slavlje, uz koncelebraciju kanonika mons. <span style=\"color:#a18838;\"><strong>Lovre Cindorija<\/strong><\/span> i dr. <span style=\"color:#a18838;\"><strong>Denisa Bari\u0107a<\/strong><\/span>, predvodio \u017eupnik \u017eupe sv. Marka mons. <span style=\"color:#a18838;\"><strong>Franjo Prstec<\/strong><\/span>. U propovijedi je mons. Prstec podsjetio da je Stjepan Kranj\u010di\u0107 \u017eivio u komunisti\u010dkim vremenima u kojima su mnogi sve\u0107enici bili ubijeni ili zatvarani, kao \u0161to je bio ubijen i Stjepanov brat Matija Kranj\u010di\u0107, ozaljski \u017eupnik. \u201eOdmah nakon Drugoga svjetskog rata, 1945., u na\u0161u je \u017eupu sv. Marka za kapelana do\u0161ao Stjepan Kranj\u010di\u0107. Ostao je ovdje samo dvije godine, ali za \u017eupu je on bio pravo osvje\u017eenje, svjedo\u010de na\u0161i \u017eupljani\u201d, naglasio je mons. Prstec.<\/p>\n<p>\u201eRaniji \u017eupnik \u017eupe sv. Marka bio je Svetozar Rittig koji je 1943. oti\u0161ao u partizane. Nazvao je novoga \u017eupnika Ivana Erjavca i odredio mu da izvjesi komunisti\u010dku zastavu na crkvi sv. Marka. \u017dupnik Erjavec mu je rekao da nema zastavu, no Rittig je rekao da \u0107e mu je poslati. Rittigu se usudio odlu\u010dno usprotiviti kapelan Kranj\u010di\u0107 rekav\u0161i mu da na crkvi sv. Marka, koja je kraljevska i banska crkva, sigurno ne\u0107e visjeti zastava s petokrakom zvijezdom. Rittig je uzvratio Kranj\u010di\u0107u da je bezobrazan, ali bilo je po Kranj\u010di\u0107evom\u201d, prepri\u010dao je jednu scenu o Kranj\u010di\u0107evoj iznimnoj hrabrosti mons. Prstec poja\u0161njavaju\u0107i da se Kranj\u010di\u0107 kao Stepin\u010dev sve\u0107enik usudio usprotiviti jednoumlju koje je tada vladalo.<\/p>\n<p>\u201eUdba je nakon svega Kranj\u010di\u0107a protjerala iz Zagreba, morao je biti barem 30 kilometara daleko, pa je najprije smje\u0161ten kod sestara karmeli\u0107anki u Hrvatskom Leskovcu odakle je pastoralno pomagao susjednom \u017eupniku Franji Kuhari\u0107u, a otamo je i\u00a0 doktorirao\u201d, naglasio je mons. Prstec isti\u010du\u0107i da je Kranj\u010di\u0107 poslije zavr\u0161io u Kri\u017eevcima u kojima je proveo 16 godina, do 1968., te je umro u 50. godini \u017eivota od tumora na mozgu u jednoj rimskoj poliklinici.<\/p>\n<p>\u201eGlas svetosti koji vjernici o njemu promi\u010du 46 godina nakon \u0161to je umro, zaradio je svojom ponizno\u0161\u0107u, pastoralnom revno\u0161\u0107u, asketskim na\u010dinom \u017eivota i svojim supatni\u0161tvom sa svakim \u010dovjekom. Propovijedao je i uzorno \u017eivio Bo\u017eju rije\u010d u zgodnim i nezgodnim vremenima, zbog toga ga vjernici i danas dr\u017ee za sve\u0107enika svetoga \u017eivota. Molimo Stjepana Kranj\u010di\u0107a da se moli za na\u0161e bogoljublje, domoljublje i \u010dovjekoljublje, \u0161to je i njemu bilo svetinja\u201d, zaklju\u010dio je u propovijedi mons. Prstec.<\/p>\n<p>Misu je glazbeno animirao Oratorijski zbor crkve sv. Marka evan\u0111elista Zagreb \u201eCantores sancti Marci\u201d. Izveli su Misu brevis in D, KV 194 Wolfganga Amadeusa Mozarta.<\/p>\n<h2><span style=\"color:#ff0000;\">Oratorij<\/span><\/h2>\n<p>Nakon mise zbor je izveo biblijski oratorij \u201eJa sam put, istina i \u017eivot\u201d posve\u0107en dr. Stjepanu Kranj\u010di\u0107u autora mo. Ivana \u017dana te ciklus pjesama za glas i orgulje na stihove Stjepana Kranj\u010di\u0107a istoga autora mo. \u017dana. Koncertni su program uz Oratorijski zbor \u201eCantores sancti Marci\u201d izveli solisti: <span style=\"color:#a18838;\"><strong>Rea Alaburi\u0107<\/strong><\/span>, <span style=\"color:#a18838;\"><strong>Boris Beus<\/strong><\/span>, <span style=\"color:#a18838;\"><strong>Juraj Gorupec<\/strong><\/span>, <span style=\"color:#a18838;\"><strong>Kre\u0161imir Grloci<\/strong><\/span>, orgulja\u0161 je bio <span style=\"color:#a18838;\"><strong>Ivan Bosnar<\/strong><\/span>, dirigent mo. <span style=\"color:#a18838;\"><strong>Jurica Petar Petra\u010d<\/strong><\/span>, prefekt zbora <span style=\"color:#a18838;\"><strong>Hrvoje Beban<\/strong><\/span>, a umjetni\u010dki voditelj programa bio je po\u010dasni Kri\u017eev\u010danin mo. <span style=\"color:#a18838;\"><strong>Vladimir Kranj\u010devi\u0107<\/strong><\/span>.<\/p>\n<p>Na kraju je izvedbe prefekt Beban uime zbora izrekao dojmove o kri\u017eeva\u010dkoj i zagreba\u010dkoj izvedbi Kranj\u010di\u0107u posve\u0107enog oratorija, a autor mo. Ivan \u017dan ispripovijedao je da je cjelokupan koncertni program napisao kao zahvalu Stjepanu Kranj\u010di\u0107u nakon \u0161to je po njegovu zagovoru do\u017eivio milosno usli\u0161anje. Voditeljica programa bila je predsjednica Udruge za promicanje znamenitih Kri\u017eev\u010dana \u201eDr. Stjepan Kranj\u010di\u0107\u201d <span style=\"color:#a18838;\"><strong>Tanja Baran<\/strong><\/span>.<\/p>\n<p>Zagreba\u010dkoj izvedbi oratorija nazo\u010dio je bjelovarsko-kri\u017eeva\u010dki biskup mons. dr. <span style=\"color:#a18838;\"><strong>Vjekoslav Huzjak<\/strong> <\/span>te vi\u0161e sve\u0107enika.<\/p>\n<h2><span style=\"color:#ff0000;\">PRILOZI<\/span><\/h2>\n<p><a href=\"http:\/\/novo.kranjcic.hr\/wp-content\/uploads\/2016\/05\/spomendan-stjepana-kranjc48dic487a-2014-plakat.pdf\" target=\"_blank\">Plakat<\/a><br \/>\n<a href=\"http:\/\/novo.kranjcic.hr\/wp-content\/uploads\/2016\/05\/spomendan-stjepana-kranjc48dic487a-2014-pozivnica.pdf\" target=\"_blank\">Pozivnica<\/a><br \/>\n<a href=\"http:\/\/novo.kranjcic.hr\/wp-content\/uploads\/2016\/05\/spomenadan-stjepana-kranjc48dic487a-2014-program.pdf\" target=\"_blank\">Program<\/a><\/p>\n\n","protected":false},"excerpt":{"rendered":"<p>Spomen-misnim slavljem te zagreba\u010dkom izvedbom biblijskog oratorija \u201eJa sam put, istina i \u017eivot\u201d autora mo. Ivana \u017dana u crkvi sv. Marka na zagreba\u010dkom Gornjem gradu u subotu 12. travnja 2014. spomenuta je 46. godi\u0161njica smrti kri\u017eeva\u010dkoga \u017eupnika dr. Stjepana Kranj\u010di\u0107a.<\/p>\n","protected":false},"author":1,"featured_media":0,"comment_status":"closed","ping_status":"closed","sticky":false,"template":"","format":"standard","meta":{"footnotes":""},"categories":[27,35],"tags":[],"class_list":["post-1477","post","type-post","status-publish","format-standard","hentry","category-27","category-kranjcicevo"],"_links":{"self":[{"href":"https:\/\/kranjcic.hr\/index.php?rest_route=\/wp\/v2\/posts\/1477","targetHints":{"allow":["GET"]}}],"collection":[{"href":"https:\/\/kranjcic.hr\/index.php?rest_route=\/wp\/v2\/posts"}],"about":[{"href":"https:\/\/kranjcic.hr\/index.php?rest_route=\/wp\/v2\/types\/post"}],"author":[{"embeddable":true,"href":"https:\/\/kranjcic.hr\/index.php?rest_route=\/wp\/v2\/users\/1"}],"replies":[{"embeddable":true,"href":"https:\/\/kranjcic.hr\/index.php?rest_route=%2Fwp%2Fv2%2Fcomments&post=1477"}],"version-history":[{"count":0,"href":"https:\/\/kranjcic.hr\/index.php?rest_route=\/wp\/v2\/posts\/1477\/revisions"}],"wp:attachment":[{"href":"https:\/\/kranjcic.hr\/index.php?rest_route=%2Fwp%2Fv2%2Fmedia&parent=1477"}],"wp:term":[{"taxonomy":"category","embeddable":true,"href":"https:\/\/kranjcic.hr\/index.php?rest_route=%2Fwp%2Fv2%2Fcategories&post=1477"},{"taxonomy":"post_tag","embeddable":true,"href":"https:\/\/kranjcic.hr\/index.php?rest_route=%2Fwp%2Fv2%2Ftags&post=1477"}],"curies":[{"name":"wp","href":"https:\/\/api.w.org\/{rel}","templated":true}]}}