{"id":1484,"date":"2014-04-10T18:23:30","date_gmt":"2014-04-10T18:23:30","guid":{"rendered":"https:\/\/udrugadrstjepankranjcic.wordpress.com\/?p=1484"},"modified":"2014-04-10T18:23:30","modified_gmt":"2014-04-10T18:23:30","slug":"misno-slavlje-i-praizvedba-kranjcicu-posvecenog-oratorija-uz-46-godisnjicu-smrti-krizevackoga-zupnika-stjepana-kranjcica","status":"publish","type":"post","link":"https:\/\/kranjcic.hr\/?p=1484","title":{"rendered":"MISNO SLAVLJE I PRAIZVEDBA KRANJ\u010cI\u0106U POSVE\u0106ENOG ORATORIJA UZ 46. GODI\u0160NJICU SMRTI KRI\u017dEVA\u010cKOGA \u017dUPNIKA STJEPANA KRANJ\u010cI\u0106A"},"content":{"rendered":"<p>Polaganjem vijenaca na grob, spomen-misnim slavljem te praizvedbom biblijskog oratorija \u201eJa sam put, istina i \u017eivot\u201d u Kri\u017eevcima je u \u010detvrtak 10. travnja 2014. spomenuta 46. godi\u0161njica smrti kri\u017eeva\u010dkoga \u017eupnika na glasu svetosti dr. Stjepana Kranj\u010di\u0107a.<!--more--><\/p>\n<h2><span style=\"color:#ff0000;\">Na groblju<\/span><\/h2>\n<p>Bogat molitveni program na Kranj\u010di\u0107evu grobu na kri\u017eeva\u010dkom gradskom groblju predvodio je \u017eupnik kri\u017eeva\u010dke \u017eupe BDM \u017dalosne i sv. Marka Kri\u017eev\u010danina <span style=\"color:#a18838;\"><strong>Dra\u017een Hladuvka<\/strong><\/span>. U\u010denici kri\u017eeva\u010dke Osnovne \u0161kole Ljudevita Modeca pro\u010ditali su i nekoliko pjesama Stjepana Kranj\u010di\u0107a te je izmoljena molitva za otvorenje procesa za Kranj\u010di\u0107evo progla\u0161enje bla\u017eenim.<\/p>\n<h2><span style=\"color:#ff0000;\">Misno slavlje<\/span><\/h2>\n<p>Misno je slavlje u konkatedrali sv. Kri\u017ea, uz koncelebraciju kri\u017eeva\u010dkih \u017eupnika <span style=\"color:#a18838;\"><strong>Stjepana Sovi\u010deka<\/strong><\/span> i <span style=\"color:#a18838;\"><strong>Dra\u017eena Hladuvku<\/strong><\/span>, kri\u017eeva\u010dkoga grkokatoli\u010dkog \u017eupnika <span style=\"color:#a18838;\"><strong>Mihajla Simunovi\u0107a<\/strong><\/span>, zagreba\u010dkog kanonika <span style=\"color:#a18838;\"><strong>Ivana Mikleni\u0107a<\/strong><\/span>, zagreba\u010dkog prebendara<span style=\"color:#a18838;\"><strong> Branka Piceka<\/strong><\/span>, \u017eupnika iz Maloga Ravna i Gornjeg Dubovca <span style=\"color:#a18838;\"><strong>Zvonimira Roginu<\/strong><\/span> te \u017eupnika iz Samarice i Gornjeg Miklou\u0161a <span style=\"color:#a18838;\"><strong>Krunoslava Brunovi\u0107a<\/strong><\/span>, predvodio bjelovarsko-kri\u017eeva\u010dki biskup mons. <span style=\"color:#a18838;\"><strong>Vjekoslav Huzjak<\/strong><\/span>. Misi je nazo\u010dio i rektor nacionalnoga sveti\u0161ta Majke Bo\u017eje Bistri\u010dke <span style=\"color:#a18838;\"><strong>Zlatko Koren<\/strong><\/span>.<\/p>\n<p>U propovijedi je biskup Huzjak govorio o tome kako je \u017eupnik Stjepan Kranj\u010di\u0107 u vremenu nakon Drugoga svjetskog rata kada nije lako bilo biti sve\u0107enik, poput mnogih drugih sve\u0107enika, branio svoju vjeru te da nije Kristu rekao ne. Istaknuo je da u hrvatskom dru\u0161tvu danas ima jako puno neistina, poluistina, la\u017ei, i u medijima, politici, gospodarstvu, i u me\u0111uljudskim odnosima, ali da nije kr\u0161\u0107anin onaj koji ka\u017ee da se tu ni\u0161ta ne mo\u017ee u\u010diniti jer da u Hrvatskoj nema drugih osim nas, i da treba hrabro i odva\u017eno biti na dobrom putu po primjeru Isusa Krista.<\/p>\n<p>Na kraju mise pro\u010ditana je Kranj\u010di\u0107eva \u201ePri\u010desna molitva\u201d iz koje se, istaknuo je biskup Huzjak,\u00a0 mo\u017ee razaznati snaga koja je strujala srcem Stjepana Kranj\u010di\u0107a da mo\u017ee slu\u017eiti svom Bogu i svom narodu. Misu je glazbeno animirao Oratorijski zbor crkve sv. Marka evan\u0111elista Zagreb \u201eCantores sancti Marci\u201d. Izveli su Misu brevis in D, KV 194 Wolfganga Amadeusa Mozarta.<\/p>\n<h2><span style=\"color:#ff0000;\">Praizvedba oratorija<\/span><\/h2>\n<p>Nakon mise zbor je praizveo veoma lijep biblijski oratorij \u201eJa sam put, istina i \u017eivot\u201d posve\u0107en dr. Stjepanu Kranj\u010di\u0107u autora mo. <span style=\"color:#a18838;\"><strong>Ivana \u017dana<\/strong><\/span> te ciklus pjesama za glas i orgulje na stihove Stjepana Kranj\u010di\u0107a istoga autora mo. \u017dana. Koncertni su program uz Oratorijski zbor \u201eCantores sancti Marci\u201d izveli solisti: <span style=\"color:#a18838;\"><strong>Rea Alaburi\u0107<\/strong><\/span>, <span style=\"color:#a18838;\"><strong>Ana Ticl<\/strong><\/span>, <span style=\"color:#a18838;\"><strong>Boris Beus<\/strong><\/span>, <span style=\"color:#a18838;\"><strong>Juraj Gorupec<\/strong><\/span>,<span style=\"color:#a18838;\"><strong> Kre\u0161imir Grloci<\/strong><\/span>, orgulja\u0161 je bio<strong><span style=\"color:#a18838;\"> Ivan Bosnar<\/span><\/strong>, dirigent mo. <span style=\"color:#a18838;\"><strong>Jurica Petar Petra\u010d<\/strong><\/span>, prefekt zbora <span style=\"color:#a18838;\"><strong>Hrvoje Beban<\/strong><\/span>, a umjetni\u010dki voditelj programa bio je po\u010dasni Kri\u017eev\u010danin mo. <span style=\"color:#a18838;\"><strong>Vladimir Kranj\u010devi\u0107<\/strong><\/span>.<\/p>\n<p>Na kraju je izvedbe prefekt Beban izrekao dojmljive rije\u010di o zboru, izvedbi oratorija te o do\u017eivljaju Stjepana Kranj\u010di\u0107a koji je svojedobno bio kapelan u \u017eupi iz koje zbor dolazi, sv. Marka u Zagrebu. Maestro Kranj\u010devi\u0107 se u sadr\u017eajnom govoru osvrnuo na mnoge dane i godine koje je kao dje\u010dak i mladi\u0107 proveo u Kri\u017eevcima vode\u0107i \u017eupni zbor u vrijeme \u017eupnikovanja Stjepana Kranj\u010di\u0107a. Govore\u0107i o Kranj\u010di\u0107u isklju\u010divo u superlativima na svim razinama \u017eivljenja, posebno je naglasio Kranj\u010di\u0107ev glazbeni talent, smisao i brigu za umjetnost, govorio je o njegovoj pastoralnoj revnosti, o brizi za okolne sve\u0107enike te o osobnom pristupu svakome vjerniku. Voditeljica programa bila je <span style=\"color:#a18838;\"><strong>Tanja Baran<\/strong><\/span>.<\/p>\n<p>Nakon kri\u017eeva\u010dke sve\u010danosti, u subotu 12. travnja bit \u0107e odr\u017eano i zagreba\u010dko sje\u0107anje na dr. \u017eupnika Kranj\u010di\u0107a u crkvi sv. Marka na Gornjem gradu. Misno \u0107e slavlje za Stjepana Kranj\u010di\u0107a u 18.00 sati predvoditi \u017eupnik mons. Franjo Prstec, a u 19.00 \u0107e sati, nakon mise, zbor \u201eCantores sancti Marci\u201d izvesti isti koncertni program kao u Kri\u017eevcima, oratorij \u201eJa sam put, istina i \u017eivot\u201d te ciklus pjesama za glas i orgulje na stihove Stjepana Kranj\u010di\u0107a autora mo. Ivana \u017dana.<\/p>\n<p>Skladatelj klasi\u010dne crkvene glazbe mo. Ivan \u017dan oratorij i pjesme na Kranj\u010di\u0107eve stihove napisao je, prema njegovu svjedo\u010danstvu, kao zahvalu Stjepanu Kranj\u010di\u0107u nakon milosnog usli\u0161anja koje je primio nakon \u0161to mu se zagovorio.<\/p>\n<p>Organizatori dvodnevne spomen-sve\u010danosti u \u010dast dr. Stjepanu Kranj\u010di\u0107u, pod pokroviteljstvom Grada Kri\u017eevaca su: Udruga za promicanje znamenitih Kri\u017eev\u010dana \u201eDr. Stjepan Kranj\u010di\u0107\u201d, \u017dupa sv. Ane Kri\u017eevci te \u017dupa BDM \u017dalosne i sv. Marka Kri\u017eev\u010danina Kri\u017eevci.<\/p>\n<h2><span style=\"color:#ff0000;\">PRILOZI<\/span><\/h2>\n<p><a href=\"http:\/\/novo.kranjcic.hr\/wp-content\/uploads\/2016\/05\/spomendan-stjepana-kranjc48dic487a-2014-plakat.pdf\" target=\"_blank\">Plakat<\/a><br \/>\n<a href=\"http:\/\/novo.kranjcic.hr\/wp-content\/uploads\/2016\/05\/spomendan-stjepana-kranjc48dic487a-2014-pozivnica.pdf\" target=\"_blank\">Pozivnica<\/a><br \/>\n<a href=\"http:\/\/novo.kranjcic.hr\/wp-content\/uploads\/2016\/05\/spomenadan-stjepana-kranjc48dic487a-2014-program.pdf\" target=\"_blank\">Program<\/a><\/p>\n\n","protected":false},"excerpt":{"rendered":"<p>Polaganjem vijenaca na grob, spomen-misnim slavljem te praizvedbom biblijskog oratorija \u201eJa sam put, istina i \u017eivot\u201d u Kri\u017eevcima je u \u010detvrtak 10. travnja 2014. spomenuta 46. godi\u0161njica smrti kri\u017eeva\u010dkoga \u017eupnika na glasu svetosti dr. Stjepana Kranj\u010di\u0107a.<\/p>\n","protected":false},"author":1,"featured_media":0,"comment_status":"closed","ping_status":"closed","sticky":false,"template":"","format":"standard","meta":{"footnotes":""},"categories":[27,35],"tags":[],"class_list":["post-1484","post","type-post","status-publish","format-standard","hentry","category-27","category-kranjcicevo"],"_links":{"self":[{"href":"https:\/\/kranjcic.hr\/index.php?rest_route=\/wp\/v2\/posts\/1484","targetHints":{"allow":["GET"]}}],"collection":[{"href":"https:\/\/kranjcic.hr\/index.php?rest_route=\/wp\/v2\/posts"}],"about":[{"href":"https:\/\/kranjcic.hr\/index.php?rest_route=\/wp\/v2\/types\/post"}],"author":[{"embeddable":true,"href":"https:\/\/kranjcic.hr\/index.php?rest_route=\/wp\/v2\/users\/1"}],"replies":[{"embeddable":true,"href":"https:\/\/kranjcic.hr\/index.php?rest_route=%2Fwp%2Fv2%2Fcomments&post=1484"}],"version-history":[{"count":0,"href":"https:\/\/kranjcic.hr\/index.php?rest_route=\/wp\/v2\/posts\/1484\/revisions"}],"wp:attachment":[{"href":"https:\/\/kranjcic.hr\/index.php?rest_route=%2Fwp%2Fv2%2Fmedia&parent=1484"}],"wp:term":[{"taxonomy":"category","embeddable":true,"href":"https:\/\/kranjcic.hr\/index.php?rest_route=%2Fwp%2Fv2%2Fcategories&post=1484"},{"taxonomy":"post_tag","embeddable":true,"href":"https:\/\/kranjcic.hr\/index.php?rest_route=%2Fwp%2Fv2%2Ftags&post=1484"}],"curies":[{"name":"wp","href":"https:\/\/api.w.org\/{rel}","templated":true}]}}