{"id":1553,"date":"2013-11-08T19:19:54","date_gmt":"2013-11-08T19:19:54","guid":{"rendered":"https:\/\/udrugadrstjepankranjcic.wordpress.com\/?p=1553"},"modified":"2013-11-08T19:19:54","modified_gmt":"2013-11-08T19:19:54","slug":"odrzana-redovita-skupstina-udruge-za-promicanje-znamenitih-krizevcana-dr-stjepan-kranjcic","status":"publish","type":"post","link":"https:\/\/kranjcic.hr\/?p=1553","title":{"rendered":"ODR\u017dANA REDOVITA SKUP\u0160TINA UDRUGE ZA PROMICANJE ZNAMENITIH KRI\u017dEV\u010cANA &#8220;DR. STJEPAN KRANJ\u010cI\u0106\u201d"},"content":{"rendered":"<p>U velikoj vije\u0107nici grada Kri\u017eevaca u petak 8. studenoga 2013. odr\u017eana je redovita skup\u0161tina Udruge za promicanje znamenitih Kri\u017eev\u010dana \u201eDr. Stjepan Kranj\u010di\u0107\u201d.<!--more--><\/p>\n<p>Skup\u0161tina je zapo\u010dela molitvom koju je predvodio kri\u017eeva\u010dki \u017eupnik \u017eupe sv. Ane<strong><span style=\"color:#a18838;\"> Stjepan Sovi\u010dek<\/span><\/strong>. Zatim je predsjednica Udruge <span style=\"color:#a18838;\"><strong>Tanja Baran<\/strong> <\/span>podnijela izvje\u0161taj o djelovanju Udruge u proteklih godinu dana. Prema njenim rije\u010dima, klju\u010dni projekti koje je Udruga ostvarila protekle godine bili su: Susret hrvatskoga duhovnoga knji\u017eevnoga stvarala\u0161tva \u201eStjepan Kranj\u010di\u0107\u201d i Dani hrvatskih svetaca i bla\u017eenika, dva projekta koji su na nacionalnoj razini. Istaknula je da je Udruga, u suradnji s kri\u017eeva\u010dkom Osnovnom \u0161kolom Ljudevita Modeca pokrenula jo\u0161 jedan projekt na nacionalnoj razini koji je odli\u010dno za\u017eivio: natje\u010daj i 2. Susret hrvatskoga dje\u010djega duhovnoga stvarala\u0161tva \u201eStjepan Kranj\u010di\u0107\u201d za\u00a0 knji\u017eevno i likovno stvarala\u0161tvo u\u010denika osnovnih \u0161kola u RH. Velikim i Dje\u010djim \u201eKranj\u010di\u0107em\u201d, Kri\u017eevci se, prema rije\u010dima Tanje Baran, name\u0107u kao sredi\u0161te suvremene hrvatske duhovne knji\u017eevnosti. \u010clanove je skup\u0161tine izvijestila i o ostalim sadr\u017eajima koje je Udruga ostvarila u proteklih godinu dana o \u010demu svi zainteresirani redovito mogu \u010ditati na mre\u017enim stranicama Udruge.<\/p>\n<p>Tajnica Udruge <span style=\"color:#a18838;\"><strong>Valentina Juri\u0161i\u0107<\/strong><\/span> podnijela je financijsko izvje\u0161\u0107e i izvje\u0161\u0107e Upravnog odbora, a vl\u010d. <span style=\"color:#a18838;\"><strong>Dra\u017een Hladuvka<\/strong> <\/span>podnio je izvje\u0161\u0107e Nadzornog odbora.<\/p>\n<p>Na kraju su \u010dlanovi skup\u0161tine usvojili plan djelovanja i financijski plan Udruge za 2014. godinu.<\/p>\n\n<p>&nbsp;<\/p>\n","protected":false},"excerpt":{"rendered":"<p>U velikoj vije\u0107nici grada Kri\u017eevaca u petak 8. studenoga 2013. odr\u017eana je redovita skup\u0161tina Udruge za promicanje znamenitih Kri\u017eev\u010dana \u201eDr. Stjepan Kranj\u010di\u0107\u201d.<\/p>\n","protected":false},"author":1,"featured_media":0,"comment_status":"closed","ping_status":"closed","sticky":false,"template":"","format":"standard","meta":{"footnotes":""},"categories":[26,15],"tags":[],"class_list":["post-1553","post","type-post","status-publish","format-standard","hentry","category-26","category-skupstine"],"_links":{"self":[{"href":"https:\/\/kranjcic.hr\/index.php?rest_route=\/wp\/v2\/posts\/1553","targetHints":{"allow":["GET"]}}],"collection":[{"href":"https:\/\/kranjcic.hr\/index.php?rest_route=\/wp\/v2\/posts"}],"about":[{"href":"https:\/\/kranjcic.hr\/index.php?rest_route=\/wp\/v2\/types\/post"}],"author":[{"embeddable":true,"href":"https:\/\/kranjcic.hr\/index.php?rest_route=\/wp\/v2\/users\/1"}],"replies":[{"embeddable":true,"href":"https:\/\/kranjcic.hr\/index.php?rest_route=%2Fwp%2Fv2%2Fcomments&post=1553"}],"version-history":[{"count":0,"href":"https:\/\/kranjcic.hr\/index.php?rest_route=\/wp\/v2\/posts\/1553\/revisions"}],"wp:attachment":[{"href":"https:\/\/kranjcic.hr\/index.php?rest_route=%2Fwp%2Fv2%2Fmedia&parent=1553"}],"wp:term":[{"taxonomy":"category","embeddable":true,"href":"https:\/\/kranjcic.hr\/index.php?rest_route=%2Fwp%2Fv2%2Fcategories&post=1553"},{"taxonomy":"post_tag","embeddable":true,"href":"https:\/\/kranjcic.hr\/index.php?rest_route=%2Fwp%2Fv2%2Ftags&post=1553"}],"curies":[{"name":"wp","href":"https:\/\/api.w.org\/{rel}","templated":true}]}}