{"id":1556,"date":"2013-11-01T19:22:35","date_gmt":"2013-11-01T19:22:35","guid":{"rendered":"https:\/\/udrugadrstjepankranjcic.wordpress.com\/?p=1556"},"modified":"2013-11-01T19:22:35","modified_gmt":"2013-11-01T19:22:35","slug":"svi-sveti-molitva-pred-sredisnjim-krizem-i-na-grobu-dr-kranjcica","status":"publish","type":"post","link":"https:\/\/kranjcic.hr\/?p=1556","title":{"rendered":"SVI SVETI \u2013 MOLITVA PRED SREDI\u0160NJIM KRI\u017dEM I NA GROBU DR. KRANJ\u010cI\u0106A"},"content":{"rendered":"<p>Na svetkovinu Svih svetih, 1. studenoga, na kri\u017eeva\u010dkom Gradskom groblju vjernici su se, predvo\u0111eni \u017eupnikom \u017eupe sv. Ane <span style=\"color:#a18838;\"><strong>Stjepanom Sovi\u010dekom<\/strong><\/span> i grkokatoli\u010dkim \u017eupnikom <strong><span style=\"color:#a18838;\">Mihajlom Simunovi\u0107em<\/span><\/strong>, okupili kod sredi\u0161njega kri\u017ea na zajedni\u010dkoj molitvi.<!--more--><\/p>\n<p>Nakon toga su svi zajedno po\u0161li na grob dr. Stjepana Kranj\u010di\u0107a, kri\u017eeva\u010dkoga \u017eupnika na glasu svetosti, na kojem je izgovorena molitva za otvorenje procesa za progla\u0161enje Kranj\u010di\u0107a bla\u017eenim, ali i za sve sve\u0107enike pokopane na kri\u017eeva\u010dkom groblju.\u00a0Uz nazo\u010dnost brojnih okupljenih vjernika \u010ditani su Kranj\u010di\u0107evi stihovi, a u glazbenom je dijelu prigodno pjevao Zbor \u017eupe sv. Ane.<\/p>\n<p>Molitvi pred sredi\u0161njim kri\u017eem i na grobu dr. Kranj\u010di\u0107a u Kri\u017eevcima nazo\u010dili su kri\u017eeva\u010dki gradona\u010delnik <span style=\"color:#a18838;\"><strong>Branko Hrg<\/strong><\/span> i koprivni\u010dko-kri\u017eeva\u010dki \u017eupan <span style=\"color:#a18838;\"><strong>Darko Koren<\/strong><\/span>.<\/p>\n\n","protected":false},"excerpt":{"rendered":"<p>Na svetkovinu Svih svetih, 1. studenoga, na kri\u017eeva\u010dkom Gradskom groblju vjernici su se, predvo\u0111eni \u017eupnikom \u017eupe sv. Ane Stjepanom Sovi\u010dekom i grkokatoli\u010dkim \u017eupnikom Mihajlom Simunovi\u0107em, okupili kod sredi\u0161njega kri\u017ea na zajedni\u010dkoj molitvi.<\/p>\n","protected":false},"author":1,"featured_media":0,"comment_status":"closed","ping_status":"closed","sticky":false,"template":"","format":"standard","meta":{"footnotes":""},"categories":[26,17],"tags":[],"class_list":["post-1556","post","type-post","status-publish","format-standard","hentry","category-26","category-svi-sveti"],"_links":{"self":[{"href":"https:\/\/kranjcic.hr\/index.php?rest_route=\/wp\/v2\/posts\/1556","targetHints":{"allow":["GET"]}}],"collection":[{"href":"https:\/\/kranjcic.hr\/index.php?rest_route=\/wp\/v2\/posts"}],"about":[{"href":"https:\/\/kranjcic.hr\/index.php?rest_route=\/wp\/v2\/types\/post"}],"author":[{"embeddable":true,"href":"https:\/\/kranjcic.hr\/index.php?rest_route=\/wp\/v2\/users\/1"}],"replies":[{"embeddable":true,"href":"https:\/\/kranjcic.hr\/index.php?rest_route=%2Fwp%2Fv2%2Fcomments&post=1556"}],"version-history":[{"count":1,"href":"https:\/\/kranjcic.hr\/index.php?rest_route=\/wp\/v2\/posts\/1556\/revisions"}],"predecessor-version":[{"id":4058,"href":"https:\/\/kranjcic.hr\/index.php?rest_route=\/wp\/v2\/posts\/1556\/revisions\/4058"}],"wp:attachment":[{"href":"https:\/\/kranjcic.hr\/index.php?rest_route=%2Fwp%2Fv2%2Fmedia&parent=1556"}],"wp:term":[{"taxonomy":"category","embeddable":true,"href":"https:\/\/kranjcic.hr\/index.php?rest_route=%2Fwp%2Fv2%2Fcategories&post=1556"},{"taxonomy":"post_tag","embeddable":true,"href":"https:\/\/kranjcic.hr\/index.php?rest_route=%2Fwp%2Fv2%2Ftags&post=1556"}],"curies":[{"name":"wp","href":"https:\/\/api.w.org\/{rel}","templated":true}]}}