{"id":1564,"date":"2013-09-19T19:30:14","date_gmt":"2013-09-19T19:30:14","guid":{"rendered":"https:\/\/udrugadrstjepankranjcic.wordpress.com\/?p=1564"},"modified":"2013-09-19T19:30:14","modified_gmt":"2013-09-19T19:30:14","slug":"niko-bilic-u-poticajima-stjepana-kranjcica","status":"publish","type":"post","link":"https:\/\/kranjcic.hr\/?p=1564","title":{"rendered":"NIKO BILI\u0106 U &#8220;POTICAJIMA STJEPANA KRANJ\u010cI\u0106A&#8221;"},"content":{"rendered":"<p>U emisiji \u201ePoticaji Stjepana Kranj\u010di\u0107a&#8221; Radio Marije u \u010detvrtak 19. rujna 2013. dr. <strong><span style=\"color:#a18838;\">Niko Bili\u0107<\/span><\/strong> je govorio o temi zajedni\u0161tva u mu\u010deni\u0161tvu sv. Marka Kri\u017eev\u010danina i otaca isusovaca.<!--more--><\/p>\n<p>Na radijskom mediju primjeren na\u010din prezentirao je gra\u0111u koju je u sklopu Dana sv. Marka Kri\u017eev\u010danina izlo\u017eio u Kri\u017eevcima, u crkvi sv. Ane, 5. rujna. U emisiji je sudjelovala i predsjednica Udruge \u201eDr. Stjepan Kranj\u010di\u0107&#8221; dr. <span style=\"color:#a18838;\"><strong>Tanja Baran<\/strong><\/span>, a emisiju je vodio o. <span style=\"color:#a18838;\"><strong>Stjepan Fridl<\/strong><\/span>. Njih je troje na kraju izmolilo molitvu za otvorenje procesa za progla\u0161enje bla\u017eenim Stjepana Kranj\u010di\u0107a.<\/p>\n","protected":false},"excerpt":{"rendered":"<p>U emisiji \u201ePoticaji Stjepana Kranj\u010di\u0107a&#8221; Radio Marije u \u010detvrtak 19. rujna 2013. dr. Niko Bili\u0107 je govorio o temi zajedni\u0161tva u mu\u010deni\u0161tvu sv. Marka Kri\u017eev\u010danina i otaca isusovaca.<\/p>\n","protected":false},"author":1,"featured_media":0,"comment_status":"closed","ping_status":"closed","sticky":false,"template":"","format":"standard","meta":{"footnotes":""},"categories":[26,11,16],"tags":[],"class_list":["post-1564","post","type-post","status-publish","format-standard","hentry","category-26","category-poticaji-stjepana-kranjcica","category-sveti-marko-krizevcanin"],"_links":{"self":[{"href":"https:\/\/kranjcic.hr\/index.php?rest_route=\/wp\/v2\/posts\/1564","targetHints":{"allow":["GET"]}}],"collection":[{"href":"https:\/\/kranjcic.hr\/index.php?rest_route=\/wp\/v2\/posts"}],"about":[{"href":"https:\/\/kranjcic.hr\/index.php?rest_route=\/wp\/v2\/types\/post"}],"author":[{"embeddable":true,"href":"https:\/\/kranjcic.hr\/index.php?rest_route=\/wp\/v2\/users\/1"}],"replies":[{"embeddable":true,"href":"https:\/\/kranjcic.hr\/index.php?rest_route=%2Fwp%2Fv2%2Fcomments&post=1564"}],"version-history":[{"count":0,"href":"https:\/\/kranjcic.hr\/index.php?rest_route=\/wp\/v2\/posts\/1564\/revisions"}],"wp:attachment":[{"href":"https:\/\/kranjcic.hr\/index.php?rest_route=%2Fwp%2Fv2%2Fmedia&parent=1564"}],"wp:term":[{"taxonomy":"category","embeddable":true,"href":"https:\/\/kranjcic.hr\/index.php?rest_route=%2Fwp%2Fv2%2Fcategories&post=1564"},{"taxonomy":"post_tag","embeddable":true,"href":"https:\/\/kranjcic.hr\/index.php?rest_route=%2Fwp%2Fv2%2Ftags&post=1564"}],"curies":[{"name":"wp","href":"https:\/\/api.w.org\/{rel}","templated":true}]}}