{"id":1574,"date":"2013-08-22T19:38:56","date_gmt":"2013-08-22T19:38:56","guid":{"rendered":"https:\/\/udrugadrstjepankranjcic.wordpress.com\/?p=1574"},"modified":"2013-08-22T19:38:56","modified_gmt":"2013-08-22T19:38:56","slug":"izbor-iz-kranjciceve-knjizevnosti-na-radio-mariji","status":"publish","type":"post","link":"https:\/\/kranjcic.hr\/?p=1574","title":{"rendered":"IZBOR IZ KRANJ\u010cI\u0106EVE KNJI\u017dEVNOSTI NA RADIO MARIJI"},"content":{"rendered":"<p>U emisiji \u201ePoticaji Stjepana Kranj\u010di\u0107a\u201d Radio Marije u \u010detvrtak 22. 8. 2013. objavljen je izbor iz knjige i zvu\u010dne knjige Kranj\u010di\u0107eve knji\u017eevnosti \u201eZa\u0161to me pozvao Gospod?\u201d Izbor emitirane Kranj\u010di\u0107eve poezije, proze i teolo\u0161kih meditacija napravio je urednik emisije o. <span style=\"color:#a18838;\"><strong>Stjepan Fridl<\/strong><\/span>.<\/p>\n","protected":false},"excerpt":{"rendered":"<p>U emisiji \u201ePoticaji Stjepana Kranj\u010di\u0107a\u201d Radio Marije u \u010detvrtak 22. 8. 2013. objavljen je izbor iz knjige i zvu\u010dne knjige Kranj\u010di\u0107eve knji\u017eevnosti \u201eZa\u0161to me pozvao Gospod?\u201d Izbor emitirane Kranj\u010di\u0107eve poezije, proze i teolo\u0161kih meditacija napravio je urednik emisije o. Stjepan Fridl.<\/p>\n","protected":false},"author":1,"featured_media":0,"comment_status":"closed","ping_status":"closed","sticky":false,"template":"","format":"standard","meta":{"footnotes":""},"categories":[26,11],"tags":[],"class_list":["post-1574","post","type-post","status-publish","format-standard","hentry","category-26","category-poticaji-stjepana-kranjcica"],"_links":{"self":[{"href":"https:\/\/kranjcic.hr\/index.php?rest_route=\/wp\/v2\/posts\/1574","targetHints":{"allow":["GET"]}}],"collection":[{"href":"https:\/\/kranjcic.hr\/index.php?rest_route=\/wp\/v2\/posts"}],"about":[{"href":"https:\/\/kranjcic.hr\/index.php?rest_route=\/wp\/v2\/types\/post"}],"author":[{"embeddable":true,"href":"https:\/\/kranjcic.hr\/index.php?rest_route=\/wp\/v2\/users\/1"}],"replies":[{"embeddable":true,"href":"https:\/\/kranjcic.hr\/index.php?rest_route=%2Fwp%2Fv2%2Fcomments&post=1574"}],"version-history":[{"count":0,"href":"https:\/\/kranjcic.hr\/index.php?rest_route=\/wp\/v2\/posts\/1574\/revisions"}],"wp:attachment":[{"href":"https:\/\/kranjcic.hr\/index.php?rest_route=%2Fwp%2Fv2%2Fmedia&parent=1574"}],"wp:term":[{"taxonomy":"category","embeddable":true,"href":"https:\/\/kranjcic.hr\/index.php?rest_route=%2Fwp%2Fv2%2Fcategories&post=1574"},{"taxonomy":"post_tag","embeddable":true,"href":"https:\/\/kranjcic.hr\/index.php?rest_route=%2Fwp%2Fv2%2Ftags&post=1574"}],"curies":[{"name":"wp","href":"https:\/\/api.w.org\/{rel}","templated":true}]}}