{"id":160,"date":"2009-06-02T18:47:27","date_gmt":"2009-06-02T18:47:27","guid":{"rendered":"https:\/\/susretkranjcic.wordpress.com\/?p=160"},"modified":"2016-10-29T20:21:37","modified_gmt":"2016-10-29T20:21:37","slug":"raspisan-natjecaj-za-1-susret-hrvatskoga-duhovnoga-knjizevnoga-stvaralastva-stjepan-kranjcic","status":"publish","type":"post","link":"https:\/\/kranjcic.hr\/?p=160","title":{"rendered":"RASPISAN NATJE\u010cAJ ZA 1. SUSRET HRVATSKOGA DUHOVNOGA KNJI\u017dEVNOGA STVARALA\u0160TVA &#8220;STJEPAN KRANJ\u010cI\u0106&#8221;"},"content":{"rendered":"<p><img loading=\"lazy\" decoding=\"async\" class=\"size-thumbnail wp-image-448 alignleft\" src=\"https:\/\/kranjcic.hr\/wp-content\/uploads\/2015\/10\/logo1-150x150.jpg\" alt=\"logo\" width=\"120\" height=\"120\" \/>U organizaciji Udruge za promicanje znamenitih Kri\u017eev\u010dana \u201eDr. Stjepan Kranj\u010di\u0107\u201d u utorak\u00a02. lipnja\u00a02009. raspisan je natje\u010daj za 1. Susret hrvatskoga duhovnoga knji\u017eevnoga stvarala\u0161tva \u201eStjepan Kranj\u010di\u0107\u201d.<\/p>\n<p><!--more--><\/p>\n<p><span id=\"more-111\"><\/span>Rije\u010d je o jedinom natje\u010daju za suvremenu duhovnu knji\u017eevnost protkanu kr\u0161\u0107anskim vrednotama u kratkim knji\u017eevnim \u017eanrovima (poezija, kratka pri\u010da, putopis, esej, monodrama) u Republici Hrvatskoj.\u00a0Susret hrvatskoga duhovnoga knji\u017eevnoga stvarala\u0161tva \u201eStjepan Kranj\u010di\u0107\u201d, nazvan prema kri\u017eeva\u010dkom \u017eupniku na glasu svetosti koji je i sam pisao i objavljivao knji\u017eevna ostvarenja protkana katoli\u010dkom duhovno\u0161\u0107u, ima nakanu potaknuti stvaranje suvremene hrvatske duhovne knji\u017eevnosti protkane kr\u0161\u0107anskim vrednotama.<\/p>\n<p>Budu\u0107i da u Katoli\u010dkoj crkvi od lipnja 2009. do lipnja 2010. traje Sve\u0107eni\u010dka godina, organizatori u spomen na Stjepana Kranj\u010di\u0107a, sve\u0107enika na glasu svetosti koji se oku\u0161ao i u knji\u017eevnom stvarala\u0161tvu, predla\u017eu da radovi budu posve\u0107eni sve\u0107eni\u010dkom zvanju, djelovanju, \u017eivotu i sudbini.<\/p>\n<p>Natje\u010daj je otvoren do 20. kolovoza 2009. godine.<\/p>\n<p>Najuspjeliji radovi, prema ocjeni stru\u010dnog ocjenjiva\u010dkog suda, bit \u0107e javno izvedeni u Kri\u017eevcima na dan 91. obljetnice ro\u0111enja Stjepana Kranj\u010di\u0107a, u subotu 5. prosinca 2009., a \u0161iri izbor odabranih radova bit \u0107e tiskan u prigodnom zborniku. Organizatori osiguravaju i nov\u010dane nagrade.<\/p>\n<p>&nbsp;<\/p>\n<h4><span style=\"color: #808080;\"><strong>PRILOG<\/strong><\/span><\/h4>\n<p><a href=\"https:\/\/susretkranjcic.files.wordpress.com\/2015\/10\/tekst-natjec48daja.doc\" target=\"_blank\">Pravila natje\u010daja<\/a><\/p>\n<p>&nbsp;<\/p>\n<p>&nbsp;<\/p>\n","protected":false},"excerpt":{"rendered":"<p>U organizaciji Udruge za promicanje znamenitih Kri\u017eev\u010dana \u201eDr. Stjepan Kranj\u010di\u0107\u201d u utorak\u00a02. lipnja\u00a02009. raspisan je natje\u010daj za 1. Susret hrvatskoga duhovnoga knji\u017eevnoga stvarala\u0161tva \u201eStjepan Kranj\u010di\u0107\u201d.<\/p>\n","protected":false},"author":1,"featured_media":0,"comment_status":"closed","ping_status":"closed","sticky":false,"template":"","format":"standard","meta":{"footnotes":""},"categories":[38,22,34],"tags":[],"class_list":["post-160","post","type-post","status-publish","format-standard","hentry","category-1-knjizevni-kranjcic","category-22","category-knjizevni-kranjcic"],"_links":{"self":[{"href":"https:\/\/kranjcic.hr\/index.php?rest_route=\/wp\/v2\/posts\/160","targetHints":{"allow":["GET"]}}],"collection":[{"href":"https:\/\/kranjcic.hr\/index.php?rest_route=\/wp\/v2\/posts"}],"about":[{"href":"https:\/\/kranjcic.hr\/index.php?rest_route=\/wp\/v2\/types\/post"}],"author":[{"embeddable":true,"href":"https:\/\/kranjcic.hr\/index.php?rest_route=\/wp\/v2\/users\/1"}],"replies":[{"embeddable":true,"href":"https:\/\/kranjcic.hr\/index.php?rest_route=%2Fwp%2Fv2%2Fcomments&post=160"}],"version-history":[{"count":1,"href":"https:\/\/kranjcic.hr\/index.php?rest_route=\/wp\/v2\/posts\/160\/revisions"}],"predecessor-version":[{"id":3508,"href":"https:\/\/kranjcic.hr\/index.php?rest_route=\/wp\/v2\/posts\/160\/revisions\/3508"}],"wp:attachment":[{"href":"https:\/\/kranjcic.hr\/index.php?rest_route=%2Fwp%2Fv2%2Fmedia&parent=160"}],"wp:term":[{"taxonomy":"category","embeddable":true,"href":"https:\/\/kranjcic.hr\/index.php?rest_route=%2Fwp%2Fv2%2Fcategories&post=160"},{"taxonomy":"post_tag","embeddable":true,"href":"https:\/\/kranjcic.hr\/index.php?rest_route=%2Fwp%2Fv2%2Ftags&post=160"}],"curies":[{"name":"wp","href":"https:\/\/api.w.org\/{rel}","templated":true}]}}