{"id":1702,"date":"2013-04-26T20:15:35","date_gmt":"2013-04-26T20:15:35","guid":{"rendered":"https:\/\/udrugadrstjepankranjcic.wordpress.com\/?p=1702"},"modified":"2013-04-26T20:15:35","modified_gmt":"2013-04-26T20:15:35","slug":"tanja-baran-odrzala-predavanje-o-krizevackoj-usmenoj-knjizevnosti","status":"publish","type":"post","link":"https:\/\/kranjcic.hr\/?p=1702","title":{"rendered":"TANJA BARAN ODR\u017dALA PREDAVANJE O KRI\u017dEVA\u010cKOJ USMENOJ KNJI\u017dEVNOSTI"},"content":{"rendered":"<p>Uz Dan Kri\u017eevaca u petak je 26. travnja 2013. dr. sc. <strong><span style=\"color:#a18838;\">Tanja Baran<\/span><\/strong> u Maloj dvorani Hrvatskog doma u Kri\u017eevcima odr\u017eala predavanje \u201eUsmenoknji\u017eevno naslje\u0111e kri\u017eeva\u010dkoga kraja u kontekstu hrvatske knji\u017eevnosti 19. stolje\u0107a\u201d.<!--more--><\/p>\n<p>Tom se temom ona bavila i u svojem doktorskom radu koji je uz mentorstvo prof. dr. Stipe Botice obranila pro\u0161le godine na Odsjeku za kroatistiku Filozofskog fakulteta u Zagrebu. Izbor iz gra\u0111e koju je predstavila interpretirao je zagreba\u010dki glumac <span style=\"color:#a18838;\"><strong>Dubravko Sidor<\/strong><\/span>, a nekoliko je lirskih usmenih pjesama iz kri\u017eeva\u010dkoga kraja uglazbila i otpjevala magistrica gitare Kri\u017eev\u010danka<span style=\"color:#a18838;\"><strong> Tamara Perc<\/strong><\/span>. Uime organizatora predavanja Udruge za promicanje znamenitih Kri\u017eev\u010dana \u201eDr. Stjepan Kranj\u010di\u0107\u201d uvodno je govorila profesorica <span style=\"color:#a18838;\"><strong>Suzana Kne\u017eevi\u0107<\/strong><\/span>.<\/p>\n<p>Dr. Baran je objasnila da je u radu napravila prvu cjelovitu usmenoknji\u017eevnu sintezu i znanstvenu analizu usmene knji\u017eevnosti kri\u017eeva\u010dkoga kraja, da Kri\u017eev\u010dani tijekom pro\u0161losti svoju usmenu knji\u017eevnost nisu puno zapisivali jer im nitko nije posvijestio da je to va\u017eno te da se poznati hrvatski ilirci koji su u doba Hrvatskoga narodnoga preporoda, kada se usmena knji\u017eevnost u Hrvatskoj po\u010dela intenzivno zapisivati, \u017eivjeli u Kri\u017eevcima, nisu bavili zapisivanjem usmene knji\u017eevnosti i tradicijske kulture. Unato\u010d tomu, dr. Baran je u arhivu Odsjeka za etnologiju HAZU prona\u0161la petnaestak rukopisa zabilje\u017eene usmenoknji\u017eevne gra\u0111e u kri\u017eeva\u010dkom kraju u 19. stolje\u0107u. U tom su vremenu, pod utjecajem poziva biskupa Maksmilijana Vrhovca, Ljudevita Gaja, Ivana Kukuljevi\u0107a Sakcinskog, Matice hrvatske i\u00a0 Odbora za narodni \u017eivot i obi\u010daje JAZU, usmenu knji\u017eevnost u Kri\u017eevcima zapisali: Toma\u0161 Miklou\u0161i\u0107, Ivan Kukuljevi\u0107 Sakcinski, Milan Bubanovi\u0107 (Milan Dimitrev), \u0110uro De\u017eeli\u0107,\u00a0 Stanko Miholi\u0107, I. M. Weiss, Josip Hadrovi\u0107, Franjo Ksaver Kuha\u010d, Andre \u0160tanfel, Fran Gundrum Oriov\u010danin, Vjekoslav Mayer i Marica Kri\u017ee, a sitnije su prinose dali i August \u0160enoa, Ljudevit Modec i Kvirin Vida\u010di\u0107. Zapisali su najvi\u0161e lirskih pjesama, vrlo malo epike, dosta pri\u010da i predaja, vjerovanja, dramske oblike te zdravice i zagonetke. Uz bogatu usmenoknji\u017eevnu gra\u0111u ima i opisa raznih obi\u010daja, posebice obi\u010daja \u017eenidbe.<\/p>\n<p>Nakon predstavljanja je svakoga pojedinog zapisiva\u010da i rukopisa, \u010demu je prethodio uvod o usmenoj knji\u017eevnosti u povijestima hrvatske knji\u017eevnosti, o 19. stolje\u0107u kao o vremenu najplodonosnijih usmenoknji\u017eevnih zapisa te o Kri\u017eevcima u 19. stolje\u0107u s naglaskom na dru\u0161tveno-kulturni kontekst, dr. Baran posebno govorila o \u201eKri\u017eeva\u010dkim \u0161tatutima\u201d kao o prvom i najzna\u010dajnijem kri\u017eeva\u010dkom usmenoknji\u017eevnom zapisu te je, sa \u017eeljom prikaza kontinuiteta zapisa, govorila o zapisima kri\u017eeva\u010dke usmene knji\u017eevnosti u 20. i 21. stolje\u0107u. Zaklju\u010dila je da su zapisiva\u010di kri\u017eeva\u010dke usmene knji\u017eevnosti odgovorili na sve poticaje za zapisivanjem usmene knji\u017eevnosti u Hrvatskoj te da je gra\u0111a vi\u0161e zapisivana u kri\u017eeva\u010dkoj okolici, a manje u samim Kri\u017eevcima.<\/p>\n<p>Na kraju je dr. Baran poimence zahvalila svima onima koji su joj pomogli u obradi zasad slabo poznate teme iz kri\u017eeva\u010dke knji\u017eevne i tradicijske kulture.<\/p>\n<h2><span style=\"color:#ff0000;\">Prilozi<\/span><\/h2>\n<p><a href=\"http:\/\/novo.kranjcic.hr\/wp-content\/uploads\/2016\/05\/tanja-plakat-predavanje_mali.pdf\">Plakat<\/a><\/p>\n\n","protected":false},"excerpt":{"rendered":"<p>Uz Dan Kri\u017eevaca u petak je 26. travnja 2013. dr. sc. Tanja Baran u Maloj dvorani Hrvatskog doma u Kri\u017eevcima odr\u017eala predavanje \u201eUsmenoknji\u017eevno naslje\u0111e kri\u017eeva\u010dkoga kraja u kontekstu hrvatske knji\u017eevnosti 19. stolje\u0107a\u201d.<\/p>\n","protected":false},"author":1,"featured_media":0,"comment_status":"closed","ping_status":"closed","sticky":false,"template":"","format":"standard","meta":{"footnotes":""},"categories":[26],"tags":[],"class_list":["post-1702","post","type-post","status-publish","format-standard","hentry","category-26"],"_links":{"self":[{"href":"https:\/\/kranjcic.hr\/index.php?rest_route=\/wp\/v2\/posts\/1702","targetHints":{"allow":["GET"]}}],"collection":[{"href":"https:\/\/kranjcic.hr\/index.php?rest_route=\/wp\/v2\/posts"}],"about":[{"href":"https:\/\/kranjcic.hr\/index.php?rest_route=\/wp\/v2\/types\/post"}],"author":[{"embeddable":true,"href":"https:\/\/kranjcic.hr\/index.php?rest_route=\/wp\/v2\/users\/1"}],"replies":[{"embeddable":true,"href":"https:\/\/kranjcic.hr\/index.php?rest_route=%2Fwp%2Fv2%2Fcomments&post=1702"}],"version-history":[{"count":0,"href":"https:\/\/kranjcic.hr\/index.php?rest_route=\/wp\/v2\/posts\/1702\/revisions"}],"wp:attachment":[{"href":"https:\/\/kranjcic.hr\/index.php?rest_route=%2Fwp%2Fv2%2Fmedia&parent=1702"}],"wp:term":[{"taxonomy":"category","embeddable":true,"href":"https:\/\/kranjcic.hr\/index.php?rest_route=%2Fwp%2Fv2%2Fcategories&post=1702"},{"taxonomy":"post_tag","embeddable":true,"href":"https:\/\/kranjcic.hr\/index.php?rest_route=%2Fwp%2Fv2%2Ftags&post=1702"}],"curies":[{"name":"wp","href":"https:\/\/api.w.org\/{rel}","templated":true}]}}