{"id":1706,"date":"2013-04-24T20:22:12","date_gmt":"2013-04-24T20:22:12","guid":{"rendered":"https:\/\/udrugadrstjepankranjcic.wordpress.com\/?p=1706"},"modified":"2013-04-24T20:22:12","modified_gmt":"2013-04-24T20:22:12","slug":"godisnje-priznanje-krizevaca-tanji-baran","status":"publish","type":"post","link":"https:\/\/kranjcic.hr\/?p=1706","title":{"rendered":"GODI\u0160NJE PRIZNANJE KRI\u017dEVACA TANJI BARAN"},"content":{"rendered":"<p>U sklopu proslave Dana Kri\u017eevaca u srijedu 24. travnja 2013. predsjednici Udruge \u201eDr. Stjepan Kranj\u010di\u0107\u201d <strong><span style=\"color:#a18838;\">Tanji Baran<\/span><\/strong> dodijeljeno je godi\u0161nje priznanje za promicanje kri\u017eeva\u010dke tradicijske kulture i o\u010duvanje duhovno-kulturnih vrijednosti kri\u017eeva\u010dkoga kraja.<!--more--><\/p>\n<p>Nagrada je izme\u0111u ostalog ve\u0107im dodijeljena zbog djelovanja Tanje Baran kao predsjednice Udruge \u201eDr. Stjepan Kranj\u010di\u0107\u201d, \u0161to je i napisano u prigodnom obrazlo\u017eenju nagrade. Tanji Baran prizanje su uru\u010dili kri\u017eeva\u010dki gradona\u010delnik <span style=\"color:#a18838;\"><strong>Branko Hrg<\/strong><\/span> i predsjednik Gradskoga vije\u0107a <span style=\"color:#a18838;\"><strong>Roko Ba\u0161i\u0107<\/strong><\/span>.<\/p>\n","protected":false},"excerpt":{"rendered":"<p>U sklopu proslave Dana Kri\u017eevaca u srijedu 24. travnja 2013. predsjednici Udruge \u201eDr. Stjepan Kranj\u010di\u0107\u201d Tanji Baran dodijeljeno je godi\u0161nje priznanje za promicanje kri\u017eeva\u010dke tradicijske kulture i o\u010duvanje duhovno-kulturnih vrijednosti kri\u017eeva\u010dkoga kraja.<\/p>\n","protected":false},"author":1,"featured_media":0,"comment_status":"closed","ping_status":"closed","sticky":false,"template":"","format":"standard","meta":{"footnotes":""},"categories":[26],"tags":[],"class_list":["post-1706","post","type-post","status-publish","format-standard","hentry","category-26"],"_links":{"self":[{"href":"https:\/\/kranjcic.hr\/index.php?rest_route=\/wp\/v2\/posts\/1706","targetHints":{"allow":["GET"]}}],"collection":[{"href":"https:\/\/kranjcic.hr\/index.php?rest_route=\/wp\/v2\/posts"}],"about":[{"href":"https:\/\/kranjcic.hr\/index.php?rest_route=\/wp\/v2\/types\/post"}],"author":[{"embeddable":true,"href":"https:\/\/kranjcic.hr\/index.php?rest_route=\/wp\/v2\/users\/1"}],"replies":[{"embeddable":true,"href":"https:\/\/kranjcic.hr\/index.php?rest_route=%2Fwp%2Fv2%2Fcomments&post=1706"}],"version-history":[{"count":0,"href":"https:\/\/kranjcic.hr\/index.php?rest_route=\/wp\/v2\/posts\/1706\/revisions"}],"wp:attachment":[{"href":"https:\/\/kranjcic.hr\/index.php?rest_route=%2Fwp%2Fv2%2Fmedia&parent=1706"}],"wp:term":[{"taxonomy":"category","embeddable":true,"href":"https:\/\/kranjcic.hr\/index.php?rest_route=%2Fwp%2Fv2%2Fcategories&post=1706"},{"taxonomy":"post_tag","embeddable":true,"href":"https:\/\/kranjcic.hr\/index.php?rest_route=%2Fwp%2Fv2%2Ftags&post=1706"}],"curies":[{"name":"wp","href":"https:\/\/api.w.org\/{rel}","templated":true}]}}