{"id":171,"date":"2015-12-17T12:15:09","date_gmt":"2015-12-17T12:15:09","guid":{"rendered":"https:\/\/udrugadrstjepankranjcic.wordpress.com\/?p=171"},"modified":"2015-12-17T12:15:09","modified_gmt":"2015-12-17T12:15:09","slug":"analiza-7-knjizevnog-kranjcica-2015","status":"publish","type":"post","link":"https:\/\/kranjcic.hr\/?p=171","title":{"rendered":"ANALIZA 7. KNJI\u017dEVNOG &#8220;KRANJ\u010cI\u0106A&#8221; 2015."},"content":{"rendered":"<p>U svakomjese\u010dnim \u201ePoticajima Stjepana Kranj\u010di\u0107a&#8221; Radio Marije u \u010detvrtak 17. prosinca 2015. uredniku emisije o. <span style=\"color:#a18838;\"><strong>Stjepanu Fridlu<\/strong><\/span> gostovali su teatrologinja prof. dr. <strong><span style=\"color:#a18838;\">Sanja Nik\u010devi\u0107<\/span><\/strong>, knji\u017eevnik i publicist prof. <span style=\"color:#a18838;\"><strong>Zdravko Gavran<\/strong><\/span> te predsjednica Udruge \u201eDr. Stjepan Kranj\u010di\u0107&#8221; dr.<span style=\"color:#a18838;\"><strong> Tanja Baran<\/strong><\/span>.<!--more--><\/p>\n<p>Analizirali su natje\u010daj i zavr\u0161nu sve\u010danost 7. Susreta hrvatskoga duhovnoga knji\u017eevoga stvarala\u0161tva \u201eStjepan Kranj\u010di\u0107&#8221; koja je odr\u017eana u Kri\u017eevcima u subotu 5. prosinca 2015. Govorili su o vrijednosti toga jedinstvenog natje\u010daja, o velikom odazivu afirmiranih, ali i manje poznatih autora, o neadekvatnom tretmanu hrvatske knji\u017eevnosti kr\u0161\u0107anskoga nadahnu\u0107a u hrvatskoj kulturnoj javnosti. Pro\u010ditali su nekoliko radova iz zbornika najuspjelijih radova \u201eSveta zaljubljenost&#8221; i najavili 5. Susret hrvatskoga dje\u010djega duhovnoga stvarala\u0161tva \u201eStjepan Kranj\u010di\u0107&#8221; za koji je natje\u010daj zavr\u0161en 15. prosinca, a zavr\u0161na \u0107e sve\u010danost biti 23. travnja 2016.<\/p>\n<p>Na kraju je izmoljena molitva za otvorenje procesa za progla\u0161enje bla\u017eenim Sjepana Kranj\u010di\u0107a.<\/p>\n","protected":false},"excerpt":{"rendered":"<p>U svakomjese\u010dnim \u201ePoticajima Stjepana Kranj\u010di\u0107a&#8221; Radio Marije u \u010detvrtak 17. prosinca 2015. uredniku emisije o. Stjepanu Fridlu gostovali su teatrologinja prof. dr. Sanja Nik\u010devi\u0107, knji\u017eevnik i publicist prof. Zdravko Gavran te predsjednica Udruge \u201eDr. Stjepan Kranj\u010di\u0107&#8221; dr. Tanja Baran.<\/p>\n","protected":false},"author":1,"featured_media":0,"comment_status":"closed","ping_status":"closed","sticky":false,"template":"","format":"standard","meta":{"footnotes":""},"categories":[28,54,34,11,18],"tags":[],"class_list":["post-171","post","type-post","status-publish","format-standard","hentry","category-28","category-7-knjizevni-kranjcic","category-knjizevni-kranjcic","category-poticaji-stjepana-kranjcica","category-zbivanja"],"_links":{"self":[{"href":"https:\/\/kranjcic.hr\/index.php?rest_route=\/wp\/v2\/posts\/171","targetHints":{"allow":["GET"]}}],"collection":[{"href":"https:\/\/kranjcic.hr\/index.php?rest_route=\/wp\/v2\/posts"}],"about":[{"href":"https:\/\/kranjcic.hr\/index.php?rest_route=\/wp\/v2\/types\/post"}],"author":[{"embeddable":true,"href":"https:\/\/kranjcic.hr\/index.php?rest_route=\/wp\/v2\/users\/1"}],"replies":[{"embeddable":true,"href":"https:\/\/kranjcic.hr\/index.php?rest_route=%2Fwp%2Fv2%2Fcomments&post=171"}],"version-history":[{"count":0,"href":"https:\/\/kranjcic.hr\/index.php?rest_route=\/wp\/v2\/posts\/171\/revisions"}],"wp:attachment":[{"href":"https:\/\/kranjcic.hr\/index.php?rest_route=%2Fwp%2Fv2%2Fmedia&parent=171"}],"wp:term":[{"taxonomy":"category","embeddable":true,"href":"https:\/\/kranjcic.hr\/index.php?rest_route=%2Fwp%2Fv2%2Fcategories&post=171"},{"taxonomy":"post_tag","embeddable":true,"href":"https:\/\/kranjcic.hr\/index.php?rest_route=%2Fwp%2Fv2%2Ftags&post=171"}],"curies":[{"name":"wp","href":"https:\/\/api.w.org\/{rel}","templated":true}]}}