{"id":1884,"date":"2011-12-15T10:51:09","date_gmt":"2011-12-15T10:51:09","guid":{"rendered":"https:\/\/udrugadrstjepankranjcic.wordpress.com\/?p=1884"},"modified":"2011-12-15T10:51:09","modified_gmt":"2011-12-15T10:51:09","slug":"i-sv-marko-i-zupnik-kranjcic-u-pjesmama-krizevacke-mladosti","status":"publish","type":"post","link":"https:\/\/kranjcic.hr\/?p=1884","title":{"rendered":"I SV. MARKO I \u017dUPNIK KRANJ\u010cI\u0106 U PJESMAMA KRI\u017dEVA\u010cKE MLADOSTI"},"content":{"rendered":"<p>U \u201ePoticajima Stjepana Kranj\u010di\u0107a\u201d Radio Marije u \u010detvrtak 15. prosinca 2011. gostovali su mladi kri\u017eeva\u010dkih \u017eupa okupljeni u zbor \u201eCrisinus\u201d pod vodstvom <strong><span style=\"color:#a18838;\">Tamare Perc<\/span><\/strong>.<!--more--><\/p>\n<p>S urednikom emisije o. <span style=\"color:#a18838;\"><strong>Stjepanom Fridlom<\/strong><\/span> predstavili su svoj novi CD \u201eU novi dan\u201d\u00a0na kojem su dvije pjesme Marku Kri\u017eev\u010daninu i jedna Stjepanu Kranj\u010di\u0107u u \u010dast. Autori dvije pjesme s CD-a su \u010dlanovi Udruge \u201eDr. Stjepan Kranj\u010di\u0107\u201d.<\/p>\n","protected":false},"excerpt":{"rendered":"<p>U \u201ePoticajima Stjepana Kranj\u010di\u0107a\u201d Radio Marije u \u010detvrtak 15. prosinca 2011. gostovali su mladi kri\u017eeva\u010dkih \u017eupa okupljeni u zbor \u201eCrisinus\u201d pod vodstvom Tamare Perc.<\/p>\n","protected":false},"author":1,"featured_media":0,"comment_status":"closed","ping_status":"closed","sticky":false,"template":"","format":"standard","meta":{"footnotes":""},"categories":[24,11],"tags":[],"class_list":["post-1884","post","type-post","status-publish","format-standard","hentry","category-24","category-poticaji-stjepana-kranjcica"],"_links":{"self":[{"href":"https:\/\/kranjcic.hr\/index.php?rest_route=\/wp\/v2\/posts\/1884","targetHints":{"allow":["GET"]}}],"collection":[{"href":"https:\/\/kranjcic.hr\/index.php?rest_route=\/wp\/v2\/posts"}],"about":[{"href":"https:\/\/kranjcic.hr\/index.php?rest_route=\/wp\/v2\/types\/post"}],"author":[{"embeddable":true,"href":"https:\/\/kranjcic.hr\/index.php?rest_route=\/wp\/v2\/users\/1"}],"replies":[{"embeddable":true,"href":"https:\/\/kranjcic.hr\/index.php?rest_route=%2Fwp%2Fv2%2Fcomments&post=1884"}],"version-history":[{"count":0,"href":"https:\/\/kranjcic.hr\/index.php?rest_route=\/wp\/v2\/posts\/1884\/revisions"}],"wp:attachment":[{"href":"https:\/\/kranjcic.hr\/index.php?rest_route=%2Fwp%2Fv2%2Fmedia&parent=1884"}],"wp:term":[{"taxonomy":"category","embeddable":true,"href":"https:\/\/kranjcic.hr\/index.php?rest_route=%2Fwp%2Fv2%2Fcategories&post=1884"},{"taxonomy":"post_tag","embeddable":true,"href":"https:\/\/kranjcic.hr\/index.php?rest_route=%2Fwp%2Fv2%2Ftags&post=1884"}],"curies":[{"name":"wp","href":"https:\/\/api.w.org\/{rel}","templated":true}]}}