{"id":1920,"date":"2011-11-23T11:01:13","date_gmt":"2011-11-23T11:01:13","guid":{"rendered":"https:\/\/udrugadrstjepankranjcic.wordpress.com\/?p=1920"},"modified":"2011-11-23T11:01:13","modified_gmt":"2011-11-23T11:01:13","slug":"prvi-susret-udruge-dr-stjepan-kranjcic-s-bjelovarsko-krizevackim-biskupom-vjekoslavom-huzjakom","status":"publish","type":"post","link":"https:\/\/kranjcic.hr\/?p=1920","title":{"rendered":"PRVI SUSRET UDRUGE &#8220;DR. STJEPAN KRANJ\u010cI\u0106&#8221; S BJELOVARSKO-KRI\u017dEVA\u010cKIM BISKUPOM VJEKOSLAVOM HUZJAKOM"},"content":{"rendered":"<p>Predstavnici Udruge za promicanje znamenitih Kri\u017eev\u010dana \u201eDr. Stjepan Kranj\u010di\u0107&#8221; u srijedu 23. studenoga 2011. prvi su\u00a0put slu\u017ebeno pohodili bjelovarsko-kri\u017eeva\u010dkog biskupa <strong><span style=\"color:#a18838;\">Vjekoslava Huzjaka<\/span><\/strong>. Susret je odr\u017ean\u00a0\u00a0u\u00a0biskupskoj\u00a0rezidenciji Bjelovarsko-kri\u017eeva\u010dke biskupije u Bjelovaru.<!--more--><\/p>\n<p>U tro\u010dlanom izaslanstvu Udruge bili su predsjednica Udruge <span style=\"color:#a18838;\"><strong>Tanja Baran<\/strong><\/span>, potpredsjednik <span style=\"color:#a18838;\"><strong>\u017deljko \u0160tubelj<\/strong><\/span> i \u010dlan Udruge <span style=\"color:#a18838;\"><strong>Roko Ba\u0161i\u0107<\/strong><\/span>. Susretu s biskupom nazo\u010dili su i kri\u017eeva\u010dki \u017eupnici <span style=\"color:#a18838;\"><strong>Stjepan Sovi\u010dek<\/strong><\/span> i <span style=\"color:#a18838;\"><strong>Dra\u017een Hladuvka<\/strong><\/span>.<\/p>\n<p>Nakon uvodnih biskupovih pozdrava, predsjednica Udruge Tanja Baran izvijestila je biskupa o tijeku osnivanja Udruge i o programima koje Udruga vodi\u00a0u \u010detiri godine postojanja s posebnim naglaskom na Dane hrvatskih svetaca i bla\u017eenika i Susret hrvatskoga duhovnoga knji\u017eevnoga stvarala\u0161tva \u201eStjepan Kranj\u010di\u0107&#8221;. Obavijestila je biskupa o utemeljenju Dje\u010djega \u201eKranj\u010di\u0107a&#8221; &#8211; Susreta hrvatskoga dje\u010djega duhovnoga stvarala\u0161tva \u201eStjepan Kranj\u010di\u0107&#8221;\u00a0u zajedni\u0161tvu s kri\u017eeva\u010dkom Osnovnom \u0161kolom Ljudevita Modeca.\u00a0Ispripovijedala je i o dosada\u0161njim aktivnostima predstavljanja kri\u017eeva\u010dkoga \u017eupnika na glasu svetosti Stjepana Kranj\u010di\u0107a te o\u00a0aktivnostima kojima je Udruga promovirala sv. Marka Kri\u017eev\u010danina.\u00a0Uime Udruge izrazila je \u017eelju da Udrugu biskup prihvati kao crkvenu udrugu\u00a0Bjelovarsko-kri\u017eeva\u010dke biskupije,\u00a0da \u017eupnik Sovi\u010dek na skoroj izbornoj skup\u0161tini Udruge postane \u010dlane Upravnog odbora Udruge, a da \u017eupnik Dra\u017een Hladuvka bude duhovnik Molitvene zajednice \u201eStjepan Kranj\u010di\u0107&#8221;. Zamolila je biskupa da potvrdi temeljno pravilno molitvene zajednice i molitvu za otvorenje procesa za progla\u0161enje bla\u017eenim Stjepana Kranj\u010di\u0107a.<\/p>\n<p>Biskup Huzjak\u00a0\u010dlanovima je Udruge objasnio potrebne preinake u postoje\u0107em Statutu Udruge kako bi ona mogla postati crkvena. Podr\u017eao je djelovanje Udruge izra\u017eavaju\u0107i potrebu da se za sve projekte izradi to\u010dan financijski okvir\u00a0\u00a0i da se \u017eupnici ne preoptere\u0107uju udru\u017enim sadr\u017eajima kako ne bi trpio redoviti kri\u017eeva\u010dki pastoral.<\/p>\n<p>\u017dupnik Sovi\u010dek izrazio je spremnost da se uklju\u010di u programe Udruge, a \u017eupnik Hladuvka izrazio je spremnost za prihva\u0107anje slu\u017ebe duhovnika Molitvene zajednice \u201eStjepan Kranj\u010di\u0107&#8221;.<\/p>\n<p>Razgovor, koji je protekao u ugodnom raspolo\u017eenju, razumijevanju i sa \u017eeljom za \u0161to boljom izvedbom programa koje Udruga vodi, zavr\u0161en je dogovorom\u00a0da \u0107e biskup\u00a0Huzjak zatvoriti 4. Dane hrvatskih svetaca i bla\u017eenika u nedjelju 29. sije\u010dnja 2012. u Kri\u017eevcima.<\/p>\n","protected":false},"excerpt":{"rendered":"<p>Predstavnici Udruge za promicanje znamenitih Kri\u017eev\u010dana \u201eDr. Stjepan Kranj\u010di\u0107&#8221; u srijedu 23. studenoga 2011. prvi su\u00a0put slu\u017ebeno pohodili bjelovarsko-kri\u017eeva\u010dkog biskupa Vjekoslava Huzjaka. Susret je odr\u017ean\u00a0\u00a0u\u00a0biskupskoj\u00a0rezidenciji Bjelovarsko-kri\u017eeva\u010dke biskupije u Bjelovaru.<\/p>\n","protected":false},"author":1,"featured_media":0,"comment_status":"closed","ping_status":"closed","sticky":false,"template":"","format":"standard","meta":{"footnotes":""},"categories":[24],"tags":[],"class_list":["post-1920","post","type-post","status-publish","format-standard","hentry","category-24"],"_links":{"self":[{"href":"https:\/\/kranjcic.hr\/index.php?rest_route=\/wp\/v2\/posts\/1920","targetHints":{"allow":["GET"]}}],"collection":[{"href":"https:\/\/kranjcic.hr\/index.php?rest_route=\/wp\/v2\/posts"}],"about":[{"href":"https:\/\/kranjcic.hr\/index.php?rest_route=\/wp\/v2\/types\/post"}],"author":[{"embeddable":true,"href":"https:\/\/kranjcic.hr\/index.php?rest_route=\/wp\/v2\/users\/1"}],"replies":[{"embeddable":true,"href":"https:\/\/kranjcic.hr\/index.php?rest_route=%2Fwp%2Fv2%2Fcomments&post=1920"}],"version-history":[{"count":0,"href":"https:\/\/kranjcic.hr\/index.php?rest_route=\/wp\/v2\/posts\/1920\/revisions"}],"wp:attachment":[{"href":"https:\/\/kranjcic.hr\/index.php?rest_route=%2Fwp%2Fv2%2Fmedia&parent=1920"}],"wp:term":[{"taxonomy":"category","embeddable":true,"href":"https:\/\/kranjcic.hr\/index.php?rest_route=%2Fwp%2Fv2%2Fcategories&post=1920"},{"taxonomy":"post_tag","embeddable":true,"href":"https:\/\/kranjcic.hr\/index.php?rest_route=%2Fwp%2Fv2%2Ftags&post=1920"}],"curies":[{"name":"wp","href":"https:\/\/api.w.org\/{rel}","templated":true}]}}