{"id":1944,"date":"2011-09-04T11:23:07","date_gmt":"2011-09-04T11:23:07","guid":{"rendered":"https:\/\/udrugadrstjepankranjcic.wordpress.com\/?p=1944"},"modified":"2011-09-04T11:23:07","modified_gmt":"2011-09-04T11:23:07","slug":"nova-pjesma-posvecena-stjepanu-kranjcicu","status":"publish","type":"post","link":"https:\/\/kranjcic.hr\/?p=1944","title":{"rendered":"NOVA PJESMA POSVE\u0106ENA STJEPANU KRANJ\u010cI\u0106U"},"content":{"rendered":"<p>Zbor mladih kri\u017eeva\u010dkih \u017eupa \u201eCrisinus\u201d, nazvan prema prezimenu sv. Marka Kri\u017eev\u010danina, u nedjelju 4. rujna 2011. predstavio je svoj prvi nosa\u010d zvuka \u201eU novi dan\u201d.<!--more--><\/p>\n<p>Na CD-u je desetak uglavnom autorskih pjesama \u0161to su ih uglazbili i otpjevali mladi glazbeno daroviti Kri\u017eev\u010dani. Posljednja pjesma na albumu posve\u0107ena je pokojnom kri\u017eeva\u010dkom \u017eupniku Stjepanu Kranj\u010di\u0107u. Zove se \u201eStjepan Kranj\u010di\u0107 sada nada mnom bdije\u201d. Tekst za pjesmu napisao je <strong><span style=\"color:#a18838;\">Tomislav Baran<\/span><\/strong>, a glazbu i aran\u017eman <span style=\"color:#a18838;\"><strong>Tamara Perc<\/strong><\/span>.<\/p>\n<p>Tako je \u017eupnik Kranj\u010di\u0107, nakon mini CD-a u njegovu \u010dast na kojem su \u010detiri\u00a0njemu posve\u0107ene pjesme, te nakon pjesme \u201eKranj\u010di\u0107ev znamen\u201d s Festivala kajkavske popevke u Krapini 2009., dobio \u0161estu pjesmu. Ka\u017eu mladi iz zbora \u201eCrisinus\u201d da im je ta pjesma najdra\u017ea jer da je napisana ba\u0161 za zborsku izvedbu pa da poruka koju pronose pjevanjem kroz tu pjesmu najvi\u0161e dolazi do izra\u017eaja.<\/p>\n<p>[soundcloud url=&#8221;https:\/\/api.soundcloud.com\/tracks\/262958873&#8243; params=&#8221;auto_play=false&amp;hide_related=false&amp;show_comments=true&amp;show_user=true&amp;show_reposts=false&amp;visual=true&#8221; width=&#8221;100%&#8221; height=&#8221;450&#8243; iframe=&#8221;true&#8221; \/]<\/p>\n<h2><span style=\"color:#ff0000;\">TEKST PJESME<\/span><\/h2>\n<p>STJEPAN KRANJ\u010cI\u0106 SAD NADA MNOM BDIJE<\/p>\n<p>Sje\u0107anje na njega \u010de\u017enju budi<br \/>\nKad su ljudi bili samo ljudi.<br \/>\nKad su mali bili tako sveti,<br \/>\nKad se moglo iz molitve \u017eeti.<\/p>\n<p>On mi grli du\u0161u \u0161to se stisla,<br \/>\nPatnji mojoj ja nalazim smisla.<br \/>\nVapaji ga zovu me\u0111u svete,<br \/>\nOtajstvo se u krunici plete.<\/p>\n<p>Molitve sad moje k Nebu kre\u0107u,<br \/>\nTjeskoba se preta\u010de u sre\u0107u,<br \/>\nZraka nade k&#8217;o sunce me grije,<br \/>\nStjepan Kranj\u010di\u0107 sad nada mnom bdije.<\/p>\n<p>On mi grli du\u0161u \u0161to se stisla,<br \/>\nPatnji mojoj ja nalazim smisla.<br \/>\nVapaji ga zovu me\u0111u svete,<br \/>\nOtajstvo se u krunici plete.<\/p>\n<p>Molitve sad moje k Nebu kre\u0107u,<br \/>\nTjeskoba se preta\u010de u sre\u0107u,<br \/>\nZraka nade k&#8217;o sunce me grije,<br \/>\nStjepan Kranj\u010di\u0107 sad nada mnom bdije, nada mnom bdije&#8230;<\/p>\n<p>Otapa se led \u0161to du\u0161u kuje<br \/>\nI nestaje otrov \u0161to me truje,<br \/>\nCijelo bi\u0107e bla\u017eeno se smije,<br \/>\nStjepan Kranj\u010di\u0107 sad nada mnom bdije, nada mnom bdije,<br \/>\nnada mnom bdije, nada mnom bdije, nada mnom bdije&#8230;.<\/p>\n\n","protected":false},"excerpt":{"rendered":"<p>Zbor mladih kri\u017eeva\u010dkih \u017eupa \u201eCrisinus\u201d, nazvan prema prezimenu sv. Marka Kri\u017eev\u010danina, u nedjelju 4. rujna 2011. predstavio je svoj prvi nosa\u010d zvuka \u201eU novi dan\u201d.<\/p>\n","protected":false},"author":1,"featured_media":0,"comment_status":"closed","ping_status":"closed","sticky":false,"template":"","format":"standard","meta":{"footnotes":""},"categories":[24],"tags":[],"class_list":["post-1944","post","type-post","status-publish","format-standard","hentry","category-24"],"_links":{"self":[{"href":"https:\/\/kranjcic.hr\/index.php?rest_route=\/wp\/v2\/posts\/1944","targetHints":{"allow":["GET"]}}],"collection":[{"href":"https:\/\/kranjcic.hr\/index.php?rest_route=\/wp\/v2\/posts"}],"about":[{"href":"https:\/\/kranjcic.hr\/index.php?rest_route=\/wp\/v2\/types\/post"}],"author":[{"embeddable":true,"href":"https:\/\/kranjcic.hr\/index.php?rest_route=\/wp\/v2\/users\/1"}],"replies":[{"embeddable":true,"href":"https:\/\/kranjcic.hr\/index.php?rest_route=%2Fwp%2Fv2%2Fcomments&post=1944"}],"version-history":[{"count":1,"href":"https:\/\/kranjcic.hr\/index.php?rest_route=\/wp\/v2\/posts\/1944\/revisions"}],"predecessor-version":[{"id":4062,"href":"https:\/\/kranjcic.hr\/index.php?rest_route=\/wp\/v2\/posts\/1944\/revisions\/4062"}],"wp:attachment":[{"href":"https:\/\/kranjcic.hr\/index.php?rest_route=%2Fwp%2Fv2%2Fmedia&parent=1944"}],"wp:term":[{"taxonomy":"category","embeddable":true,"href":"https:\/\/kranjcic.hr\/index.php?rest_route=%2Fwp%2Fv2%2Fcategories&post=1944"},{"taxonomy":"post_tag","embeddable":true,"href":"https:\/\/kranjcic.hr\/index.php?rest_route=%2Fwp%2Fv2%2Ftags&post=1944"}],"curies":[{"name":"wp","href":"https:\/\/api.w.org\/{rel}","templated":true}]}}