{"id":1951,"date":"2011-09-02T13:02:03","date_gmt":"2011-09-02T13:02:03","guid":{"rendered":"https:\/\/udrugadrstjepankranjcic.wordpress.com\/?p=1951"},"modified":"2011-09-02T13:02:03","modified_gmt":"2011-09-02T13:02:03","slug":"glazbeno-poetski-recital-sv-marku-krizevcaninu-u-cast","status":"publish","type":"post","link":"https:\/\/kranjcic.hr\/?p=1951","title":{"rendered":"GLAZBENO-POETSKI RECITAL &#8220;SV. MARKU KRI\u017dEV\u010cANINU U \u010cAST&#8221;"},"content":{"rendered":"<p>U sklopu Dana sv. Marka Kri\u017eev\u010danina \u010dlanovi Udruge \u201eDr. Stjepan Kranj\u010di\u0107\u201d i Zbor mladih kri\u017eeva\u010dkih \u017eupa \u201eCrisinus\u201d nakon ve\u010dernje su mise u \u017eupnoj crkvi sv. Ane u petak 2. rujna 2011. odr\u017eali glazbeno-poetski recital \u201eSv. Marku Kri\u017eev\u010daninu u \u010dast\u201d. Recital, koji je osmislila <strong><span style=\"color:#a18838;\">Suzana Kne\u017eevi\u0107<\/span><\/strong>, uz dobro poznate sv. Marku posve\u0107ene pjesme, obilovao je razmi\u0161ljanjima i stihovima posve\u0107enima sv. Marku.<\/p>\n","protected":false},"excerpt":{"rendered":"<p>U sklopu Dana sv. Marka Kri\u017eev\u010danina \u010dlanovi Udruge \u201eDr. Stjepan Kranj\u010di\u0107\u201d i Zbor mladih kri\u017eeva\u010dkih \u017eupa \u201eCrisinus\u201d nakon ve\u010dernje su mise u \u017eupnoj crkvi sv. Ane u petak 2. rujna 2011. odr\u017eali glazbeno-poetski recital \u201eSv. Marku Kri\u017eev\u010daninu u \u010dast\u201d. Recital, koji je osmislila Suzana Kne\u017eevi\u0107, uz dobro poznate sv. Marku&hellip; <\/p>\n","protected":false},"author":1,"featured_media":0,"comment_status":"closed","ping_status":"closed","sticky":false,"template":"","format":"standard","meta":{"footnotes":""},"categories":[24,16],"tags":[],"class_list":["post-1951","post","type-post","status-publish","format-standard","hentry","category-24","category-sveti-marko-krizevcanin"],"_links":{"self":[{"href":"https:\/\/kranjcic.hr\/index.php?rest_route=\/wp\/v2\/posts\/1951","targetHints":{"allow":["GET"]}}],"collection":[{"href":"https:\/\/kranjcic.hr\/index.php?rest_route=\/wp\/v2\/posts"}],"about":[{"href":"https:\/\/kranjcic.hr\/index.php?rest_route=\/wp\/v2\/types\/post"}],"author":[{"embeddable":true,"href":"https:\/\/kranjcic.hr\/index.php?rest_route=\/wp\/v2\/users\/1"}],"replies":[{"embeddable":true,"href":"https:\/\/kranjcic.hr\/index.php?rest_route=%2Fwp%2Fv2%2Fcomments&post=1951"}],"version-history":[{"count":1,"href":"https:\/\/kranjcic.hr\/index.php?rest_route=\/wp\/v2\/posts\/1951\/revisions"}],"predecessor-version":[{"id":4063,"href":"https:\/\/kranjcic.hr\/index.php?rest_route=\/wp\/v2\/posts\/1951\/revisions\/4063"}],"wp:attachment":[{"href":"https:\/\/kranjcic.hr\/index.php?rest_route=%2Fwp%2Fv2%2Fmedia&parent=1951"}],"wp:term":[{"taxonomy":"category","embeddable":true,"href":"https:\/\/kranjcic.hr\/index.php?rest_route=%2Fwp%2Fv2%2Fcategories&post=1951"},{"taxonomy":"post_tag","embeddable":true,"href":"https:\/\/kranjcic.hr\/index.php?rest_route=%2Fwp%2Fv2%2Ftags&post=1951"}],"curies":[{"name":"wp","href":"https:\/\/api.w.org\/{rel}","templated":true}]}}