{"id":1953,"date":"2011-08-31T13:16:37","date_gmt":"2011-08-31T13:16:37","guid":{"rendered":"https:\/\/udrugadrstjepankranjcic.wordpress.com\/?p=1953"},"modified":"2011-08-31T13:16:37","modified_gmt":"2011-08-31T13:16:37","slug":"nova-sezona-putokaza-stjepana-kranjcica-s-novim-voditeljicama","status":"publish","type":"post","link":"https:\/\/kranjcic.hr\/?p=1953","title":{"rendered":"NOVA SEZONA &#8220;PUTOKAZA STJEPANA KRANJ\u010cI\u0106A&#8221; S NOVIM VODITELJICAMA"},"content":{"rendered":"<p>Nakon ljetne stanke Radio Kri\u017eevci su u srijedu 31. kolovoza 2011. nastavili s\u00a0emitiranjem emisije \u201ePutokazi Stjepana Kranj\u010di\u0107a&#8221; koja se bavi djelovanjem\u00a0Udruge za promicanje znamenitih Kri\u017eev\u010dana \u201eDr. Stjepan Kranj\u010di\u0107&#8221;.<!--more--><\/p>\n<p>Tijekom emisije emitiran je razgovor s predsjednicom Udruge za promicanje znamenitih Kri\u017eev\u010dana \u201eDr. Stjepan Kranj\u010di\u0107&#8221; <span style=\"color:#a18838;\"><strong>Tanjom Baran<\/strong><\/span> koja je najavila\u00a0sadr\u017eaje s kojima Udruga pridonosi sve\u010danostima blagdana sv. Marka Kri\u017eev\u010danina u Kri\u017eevcima 2011. Mr. Baran\u00a0se osvrnula i na dosada\u0161nje djelovanje Udruge te je najavila planove za budu\u0107nost. U emisiji su predstavljene nove voditeljice emisije \u201ePutokazi Stjepana Kranj\u010di\u0107a&#8221;. To su vjerou\u010diteljica i psihologinja <span style=\"color:#a18838;\"><strong>Renata Vivek Bo\u017ei\u0107<\/strong><\/span>,\u00a0koja je i \u010dlanica Udruge, te profesorica hrvatskoga jezika <span style=\"color:#a18838;\"><strong>Ankica \u0160poljari\u0107 Mandi\u0107<\/strong><\/span>. Tijekom emitiranja prve emisije nakon ljetne pauze 2011. nove voditeljice emisije zahvalile su dosada\u0161njoj voditeljici tajnici Udruge <span style=\"color:#a18838;\"><strong>Valentini Juri\u0161i\u0107<\/strong><\/span> i njenim suradnicima\u00a0na vo\u0111enju emisije u protekle tri godine. Emisija \u0107e se, kao i ranijih godina, zahvaljuju\u0107i susretljivosti direktorice Radio Kri\u017eevaca <span style=\"color:#a18838;\"><strong>Danici \u010cataj<\/strong><\/span>, emitirati srijedom od 12.30 do 13 sati.<\/p>\n","protected":false},"excerpt":{"rendered":"<p>Nakon ljetne stanke Radio Kri\u017eevci su u srijedu 31. kolovoza 2011. nastavili s\u00a0emitiranjem emisije \u201ePutokazi Stjepana Kranj\u010di\u0107a&#8221; koja se bavi djelovanjem\u00a0Udruge za promicanje znamenitih Kri\u017eev\u010dana \u201eDr. Stjepan Kranj\u010di\u0107&#8221;.<\/p>\n","protected":false},"author":1,"featured_media":0,"comment_status":"closed","ping_status":"closed","sticky":false,"template":"","format":"standard","meta":{"footnotes":""},"categories":[24,14],"tags":[],"class_list":["post-1953","post","type-post","status-publish","format-standard","hentry","category-24","category-putokazi-stjepana-kranjcica"],"_links":{"self":[{"href":"https:\/\/kranjcic.hr\/index.php?rest_route=\/wp\/v2\/posts\/1953","targetHints":{"allow":["GET"]}}],"collection":[{"href":"https:\/\/kranjcic.hr\/index.php?rest_route=\/wp\/v2\/posts"}],"about":[{"href":"https:\/\/kranjcic.hr\/index.php?rest_route=\/wp\/v2\/types\/post"}],"author":[{"embeddable":true,"href":"https:\/\/kranjcic.hr\/index.php?rest_route=\/wp\/v2\/users\/1"}],"replies":[{"embeddable":true,"href":"https:\/\/kranjcic.hr\/index.php?rest_route=%2Fwp%2Fv2%2Fcomments&post=1953"}],"version-history":[{"count":0,"href":"https:\/\/kranjcic.hr\/index.php?rest_route=\/wp\/v2\/posts\/1953\/revisions"}],"wp:attachment":[{"href":"https:\/\/kranjcic.hr\/index.php?rest_route=%2Fwp%2Fv2%2Fmedia&parent=1953"}],"wp:term":[{"taxonomy":"category","embeddable":true,"href":"https:\/\/kranjcic.hr\/index.php?rest_route=%2Fwp%2Fv2%2Fcategories&post=1953"},{"taxonomy":"post_tag","embeddable":true,"href":"https:\/\/kranjcic.hr\/index.php?rest_route=%2Fwp%2Fv2%2Ftags&post=1953"}],"curies":[{"name":"wp","href":"https:\/\/api.w.org\/{rel}","templated":true}]}}