{"id":212,"date":"2016-04-10T18:01:05","date_gmt":"2016-04-10T18:01:05","guid":{"rendered":"https:\/\/udrugadrstjepankranjcic.wordpress.com\/?p=212"},"modified":"2016-10-26T19:40:10","modified_gmt":"2016-10-26T19:40:10","slug":"odrzana-spomen-svecanost-48-godisnjice-smrti-krizevackoga-zupnika-dr-stjepana-kranjcica","status":"publish","type":"post","link":"https:\/\/kranjcic.hr\/?p=212","title":{"rendered":"ODR\u017dANA SPOMEN-SVE\u010cANOST 48. GODI\u0160NJICE SMRTI KRI\u017dEVA\u010cKOGA \u017dUPNIKA DR. STJEPANA KRANJ\u010cI\u0106A"},"content":{"rendered":"<p>U Kri\u017eevcima je u nedjelju 10. travnja 2016. odr\u017eana spomen-sve\u010danost 48. godi\u0161njice smrti kri\u017eeva\u010dkoga \u017eupnika na glasu svetosti dr. Stjepana Kranj\u010di\u0107a.<!--more-->Misno je slavlje tim povodom predvodio salezijanac don<span style=\"color:#a18838;\"><strong> Ivan Matijevi\u0107<\/strong><\/span>, svjedok Kranj\u010di\u0107eva \u017eivota. Koncelebrirali su predsjednik Hrvatske konferencije vi\u0161ih redovni\u010dkih poglavara i poglavarica i kapucinski provincijal fra <span style=\"color:#a18838;\"><strong>Jure \u0160ar\u010devi\u0107<\/strong><\/span>, kanonik Prvostolnoga kaptola zagreba\u010dkog mons. <span style=\"color:#a18838;\"><strong>Lovro Cindori <\/strong><\/span>i \u017eupnik kri\u017eeva\u010dke \u017eupe sv. Ane <span style=\"color:#a18838;\"><strong>Stjepan Sovi\u010dek<\/strong><\/span>. Za oltarom je bio i \u0111akon <span style=\"color:#a18838;\"><strong>Marijo Brezak<\/strong><\/span>, a glazbeni obol misnoj sve\u010danosti dao je dje\u010dji \u017eupni zbor.<\/p>\n<h2><span style=\"color:#ff0000;\">Misno slavlje<\/span><\/h2>\n<p>Uvodno je don Ivan Matijevi\u0107 ispripovijedao da su salezijanci u vrijeme Stjepana Kranj\u010di\u0107a u Kri\u017eevcima imali svoje sjemeni\u0161te, da su usko sura\u0111ivali s Kranj\u010di\u0107em, da su mu bili kapelani te da su sa \u017eupljanima 1968. i organizirali \u017eupnikov sprovod. U propovijedi je govorio o svojim do\u017eivljajima Stjepana Kranj\u010di\u0107a jer je 1962. stigao u Kri\u017eevce u salezijansko sjemeni\u0161te.<\/p>\n<p>\u2013 Stjepan Kranj\u010di\u0107 bio je \u010dovjek koji je uistinu \u017eivio sa svojim narodom, neprestano je bio sa svojim vjernicima ili kao pje\u0161ak ili na biciklu. Uvijek je bio u reverendi jer se u ono komunisti\u010dko doba nije stidio \u0161to je sve\u0107enik. Ostao mi je u uspomeni kao plemenit i uzoran sve\u0107enik koji je okupljao sve\u0107enike iz kri\u017eeva\u010dkoga kraja, i ostao uspravan, redovito pun ljubavi i dobrote \u2013 svjedo\u010dio je propovjednik sjetiv\u0161i se i Kranj\u010di\u0107eve plemenitosti iz zapisa svojega salezijanskog brata Stanislava Belaja koje je objavljeno u knjizi \u201eSje\u0107anja\u201d:<\/p>\n<p>\u2013 Pisao je moj subrat Stanislav molbu jednoj salezijanskoj suradnici da mu po\u0161alje novaca kako bi jednom na\u0161em siroma\u0161nom sjemeni\u0161tarcu mogao kupiti cipele jer je bio gotovo bos. Slu\u010dajno je nai\u0161ao Kranj\u010di\u0107 i kad je za to \u010duo, odmah je iz lisnice izvadio novac za cipele i dao ga mojem subratu Stanislavu.<\/p>\n<p>Don Ivan Matijevi\u0107 je naglasio i kako je Stjepan Kranj\u010di\u0107 sa svojim jako dobrim prijateljem, a kasnijim nadbiskupom i kardinalom Franjom Kuhari\u0107em, posje\u0107ivao kardinala Alojzija Stepinca u Kra\u0161i\u0107u.<\/p>\n<p>\u2013 Na\u0161li su se njih trojica, Stepinac, Kuhari\u0107 i Kranj\u010di\u0107 jer sveci se, znate, uvijek na\u0111u, jer sveci izmjenjuju iskustva, sveci u sebi nose Boga i \u017eele ga pokazivati drugima \u2013 istaknuo je propovjednik.<\/p>\n<p>\u2013 Budite ponosni na svojega \u017eupnika Stjepana. \u010cuo sam vi\u0161e puta od kolega sve\u0107enika da nije samo Kranj\u010di\u0107 bio sveti sve\u0107enik, ve\u0107 da je bilo i drugih svetih \u017eupnika. Istina, bilo je i drugih. Ali tko je kriv nama Hrvatima \u0161to svoje iznimne sve\u0107enike i redovnike nismo gurali naprijed. Tek smo u zadnje vrijeme dobili nekoliko progla\u0161enih svetaca, to nam je kao za utjehu. Zato se molite da \u0161to prije zapo\u010dne proces za progla\u0161enje bla\u017eenim Stjepana Kranj\u010di\u0107a, utje\u010dite se Kranj\u010di\u0107u u nevoljama i bolestima jer Gospodin i danas \u017eeli \u010diniti \u010duda preko svojih ljudi \u2013 zaklju\u010dio je propovjednik Matijevi\u0107.<\/p>\n<h2><span style=\"color:#ff0000;\">Monodrama o Kranj\u010di\u0107u<\/span><\/h2>\n<p>Nakon mise glumac <span style=\"color:#a18838;\"><strong>Dubravko Sidor<\/strong><\/span> u crkvi je premijerno izveo monodramu Stjepana Tomi\u0107a \u201eOpro\u0161taj od Gospodina\u201d o posljednjim danima Kranj\u010di\u0107eva \u017eivota. Monodrama je utemeljena na \u010dinjenicama iz Kranj\u010di\u0107eva \u017eivota, a glumac Sidor adaptirao je tekst za scensku izvedbu te je utjelovio samoga Kranj\u010di\u0107a. U glazbenom dijelu monodrame zapjevale su \u010dlanice <span style=\"color:#a18838;\"><strong>Vokalnog sastava \u201eAllegro\u201d<\/strong><\/span>.<\/p>\n<h2><span style=\"color:#ff0000;\">Na Kranj\u010di\u0107evu grobu<\/span><\/h2>\n<p>Uo\u010di misnoga slavlja i izvedbe monodrame u crkvi kri\u017eeva\u010dki su se vjernici, kao i vjernici iz Kranj\u010di\u0107eva rodnog Petrijanca, okupili na Kranj\u010di\u0107evu grobu na kri\u017eeva\u010dkom gradskom groblju. Polo\u017eili su vijence i izrekli molitvu za otvorenje procesa za progla\u0161enje bla\u017eenim Stjepana Kranj\u010di\u0107a. <span style=\"color:#a18838;\"><strong>Zrinka <\/strong><\/span>i <span style=\"color:#a18838;\"><strong>Danijela Zagorec<\/strong><\/span> pro\u010ditale su i dvije Kranj\u010di\u0107eve pjesme. Obred je predvodio \u017eupnik Sovi\u010dek.<\/p>\n<p>Sve\u010danost Kranj\u010di\u0107eva spomena zajedno su organizirale Udruge za promicanje znamenitih Kri\u017eev\u010dana \u201eDr. Stjepan Kranj\u010di\u0107\u201d te kri\u017eeva\u010dke \u017eupe sv. Ane i BDM \u017dalosne i sv. Marka Kri\u017eev\u010danina.<\/p>\n<h2><span style=\"color:#ff0000;\">PRILOZI<\/span><\/h2>\n<p><a href=\"http:\/\/novo.kranjcic.hr\/wp-content\/uploads\/2016\/05\/plakat-spomendan-stjepana-kranjc48dic487a-2016.pdf\">Plakat<\/a><br \/>\n<a href=\"http:\/\/novo.kranjcic.hr\/wp-content\/uploads\/2016\/05\/pozivnica-spomendan-stjepan-kranjc48dic487a-2016.pdf\">Pozivnica<\/a><\/p>\n\n\t\t<style type=\"text\/css\">\n\t\t\t#gallery-1 {\n\t\t\t\tmargin: auto;\n\t\t\t}\n\t\t\t#gallery-1 .gallery-item {\n\t\t\t\tfloat: left;\n\t\t\t\tmargin-top: 10px;\n\t\t\t\ttext-align: center;\n\t\t\t\twidth: 33%;\n\t\t\t}\n\t\t\t#gallery-1 img {\n\t\t\t\tborder: 2px solid #cfcfcf;\n\t\t\t}\n\t\t\t#gallery-1 .gallery-caption {\n\t\t\t\tmargin-left: 0;\n\t\t\t}\n\t\t\t\/* see gallery_shortcode() in wp-includes\/media.php *\/\n\t\t<\/style>\n\t\t<div id='gallery-1' class='gallery galleryid-212 gallery-columns-3 gallery-size-medium'><dl class='gallery-item'>\n\t\t\t<dt class='gallery-icon landscape'>\n\t\t\t\t<a href='https:\/\/kranjcic.hr\/?attachment_id=970'><img loading=\"lazy\" decoding=\"async\" width=\"200\" height=\"150\" src=\"https:\/\/kranjcic.hr\/wp-content\/uploads\/2016\/05\/001-polaganje-vijenaca-1-300x225.jpg\" class=\"attachment-medium size-medium\" alt=\"\" srcset=\"https:\/\/kranjcic.hr\/wp-content\/uploads\/2016\/05\/001-polaganje-vijenaca-1-300x225.jpg 300w, https:\/\/kranjcic.hr\/wp-content\/uploads\/2016\/05\/001-polaganje-vijenaca-1.jpg 600w\" sizes=\"auto, (max-width: 200px) 100vw, 200px\" \/><\/a>\n\t\t\t<\/dt><\/dl><dl class='gallery-item'>\n\t\t\t<dt class='gallery-icon landscape'>\n\t\t\t\t<a href='https:\/\/kranjcic.hr\/?attachment_id=971'><img loading=\"lazy\" decoding=\"async\" width=\"200\" height=\"150\" src=\"https:\/\/kranjcic.hr\/wp-content\/uploads\/2016\/05\/002-polaganje-vijenaca-2-300x225.jpg\" class=\"attachment-medium size-medium\" alt=\"\" srcset=\"https:\/\/kranjcic.hr\/wp-content\/uploads\/2016\/05\/002-polaganje-vijenaca-2-300x225.jpg 300w, https:\/\/kranjcic.hr\/wp-content\/uploads\/2016\/05\/002-polaganje-vijenaca-2.jpg 600w\" sizes=\"auto, (max-width: 200px) 100vw, 200px\" \/><\/a>\n\t\t\t<\/dt><\/dl><dl class='gallery-item'>\n\t\t\t<dt class='gallery-icon landscape'>\n\t\t\t\t<a href='https:\/\/kranjcic.hr\/?attachment_id=972'><img loading=\"lazy\" decoding=\"async\" width=\"200\" height=\"133\" src=\"https:\/\/kranjcic.hr\/wp-content\/uploads\/2016\/05\/003-misa-300x200.jpg\" class=\"attachment-medium size-medium\" alt=\"\" srcset=\"https:\/\/kranjcic.hr\/wp-content\/uploads\/2016\/05\/003-misa-300x200.jpg 300w, https:\/\/kranjcic.hr\/wp-content\/uploads\/2016\/05\/003-misa.jpg 600w\" sizes=\"auto, (max-width: 200px) 100vw, 200px\" \/><\/a>\n\t\t\t<\/dt><\/dl><br style=\"clear: both\" \/><dl class='gallery-item'>\n\t\t\t<dt class='gallery-icon landscape'>\n\t\t\t\t<a href='https:\/\/kranjcic.hr\/?attachment_id=973'><img loading=\"lazy\" decoding=\"async\" width=\"200\" height=\"133\" src=\"https:\/\/kranjcic.hr\/wp-content\/uploads\/2016\/05\/004-don-ivan-matijevic487-propovjednik-300x200.jpg\" class=\"attachment-medium size-medium\" alt=\"\" srcset=\"https:\/\/kranjcic.hr\/wp-content\/uploads\/2016\/05\/004-don-ivan-matijevic487-propovjednik-300x200.jpg 300w, https:\/\/kranjcic.hr\/wp-content\/uploads\/2016\/05\/004-don-ivan-matijevic487-propovjednik.jpg 600w\" sizes=\"auto, (max-width: 200px) 100vw, 200px\" \/><\/a>\n\t\t\t<\/dt><\/dl><dl class='gallery-item'>\n\t\t\t<dt class='gallery-icon landscape'>\n\t\t\t\t<a href='https:\/\/kranjcic.hr\/?attachment_id=974'><img loading=\"lazy\" decoding=\"async\" width=\"200\" height=\"133\" src=\"https:\/\/kranjcic.hr\/wp-content\/uploads\/2016\/05\/005-monodrama-dubravko-sidor-1-300x200.jpg\" class=\"attachment-medium size-medium\" alt=\"\" srcset=\"https:\/\/kranjcic.hr\/wp-content\/uploads\/2016\/05\/005-monodrama-dubravko-sidor-1-300x200.jpg 300w, https:\/\/kranjcic.hr\/wp-content\/uploads\/2016\/05\/005-monodrama-dubravko-sidor-1.jpg 600w\" sizes=\"auto, (max-width: 200px) 100vw, 200px\" \/><\/a>\n\t\t\t<\/dt><\/dl><dl class='gallery-item'>\n\t\t\t<dt class='gallery-icon landscape'>\n\t\t\t\t<a href='https:\/\/kranjcic.hr\/?attachment_id=975'><img loading=\"lazy\" decoding=\"async\" width=\"200\" height=\"133\" src=\"https:\/\/kranjcic.hr\/wp-content\/uploads\/2016\/05\/006-monodrama-dubravko-sidor-2-300x200.jpg\" class=\"attachment-medium size-medium\" alt=\"\" srcset=\"https:\/\/kranjcic.hr\/wp-content\/uploads\/2016\/05\/006-monodrama-dubravko-sidor-2-300x200.jpg 300w, https:\/\/kranjcic.hr\/wp-content\/uploads\/2016\/05\/006-monodrama-dubravko-sidor-2.jpg 600w\" sizes=\"auto, (max-width: 200px) 100vw, 200px\" \/><\/a>\n\t\t\t<\/dt><\/dl><br style=\"clear: both\" \/><dl class='gallery-item'>\n\t\t\t<dt class='gallery-icon landscape'>\n\t\t\t\t<a href='https:\/\/kranjcic.hr\/?attachment_id=976'><img loading=\"lazy\" decoding=\"async\" width=\"200\" height=\"133\" src=\"https:\/\/kranjcic.hr\/wp-content\/uploads\/2016\/05\/007-vs-allegro-300x200.jpg\" class=\"attachment-medium size-medium\" alt=\"\" srcset=\"https:\/\/kranjcic.hr\/wp-content\/uploads\/2016\/05\/007-vs-allegro-300x200.jpg 300w, https:\/\/kranjcic.hr\/wp-content\/uploads\/2016\/05\/007-vs-allegro.jpg 600w\" sizes=\"auto, (max-width: 200px) 100vw, 200px\" \/><\/a>\n\t\t\t<\/dt><\/dl><dl class='gallery-item'>\n\t\t\t<dt class='gallery-icon landscape'>\n\t\t\t\t<a href='https:\/\/kranjcic.hr\/?attachment_id=977'><img loading=\"lazy\" decoding=\"async\" width=\"200\" height=\"133\" src=\"https:\/\/kranjcic.hr\/wp-content\/uploads\/2016\/05\/008-skupna-nakon-monodrame-300x200.jpg\" class=\"attachment-medium size-medium\" alt=\"\" srcset=\"https:\/\/kranjcic.hr\/wp-content\/uploads\/2016\/05\/008-skupna-nakon-monodrame-300x200.jpg 300w, https:\/\/kranjcic.hr\/wp-content\/uploads\/2016\/05\/008-skupna-nakon-monodrame.jpg 600w\" sizes=\"auto, (max-width: 200px) 100vw, 200px\" \/><\/a>\n\t\t\t<\/dt><\/dl><dl class='gallery-item'>\n\t\t\t<dt class='gallery-icon landscape'>\n\t\t\t\t<a href='https:\/\/kranjcic.hr\/?attachment_id=978'><img loading=\"lazy\" decoding=\"async\" width=\"200\" height=\"133\" src=\"https:\/\/kranjcic.hr\/wp-content\/uploads\/2016\/05\/009-vjernici-300x200.jpg\" class=\"attachment-medium size-medium\" alt=\"\" srcset=\"https:\/\/kranjcic.hr\/wp-content\/uploads\/2016\/05\/009-vjernici-300x200.jpg 300w, https:\/\/kranjcic.hr\/wp-content\/uploads\/2016\/05\/009-vjernici.jpg 600w\" sizes=\"auto, (max-width: 200px) 100vw, 200px\" \/><\/a>\n\t\t\t<\/dt><\/dl><br style=\"clear: both\" \/>\n\t\t<\/div>\n\n","protected":false},"excerpt":{"rendered":"<p>U Kri\u017eevcima je u nedjelju 10. travnja 2016. odr\u017eana spomen-sve\u010danost 48. godi\u0161njice smrti kri\u017eeva\u010dkoga \u017eupnika na glasu svetosti dr. Stjepana Kranj\u010di\u0107a.<\/p>\n","protected":false},"author":1,"featured_media":0,"comment_status":"closed","ping_status":"closed","sticky":false,"template":"","format":"standard","meta":{"footnotes":""},"categories":[29,35],"tags":[],"class_list":["post-212","post","type-post","status-publish","format-standard","hentry","category-29","category-kranjcicevo"],"_links":{"self":[{"href":"https:\/\/kranjcic.hr\/index.php?rest_route=\/wp\/v2\/posts\/212","targetHints":{"allow":["GET"]}}],"collection":[{"href":"https:\/\/kranjcic.hr\/index.php?rest_route=\/wp\/v2\/posts"}],"about":[{"href":"https:\/\/kranjcic.hr\/index.php?rest_route=\/wp\/v2\/types\/post"}],"author":[{"embeddable":true,"href":"https:\/\/kranjcic.hr\/index.php?rest_route=\/wp\/v2\/users\/1"}],"replies":[{"embeddable":true,"href":"https:\/\/kranjcic.hr\/index.php?rest_route=%2Fwp%2Fv2%2Fcomments&post=212"}],"version-history":[{"count":1,"href":"https:\/\/kranjcic.hr\/index.php?rest_route=\/wp\/v2\/posts\/212\/revisions"}],"predecessor-version":[{"id":3095,"href":"https:\/\/kranjcic.hr\/index.php?rest_route=\/wp\/v2\/posts\/212\/revisions\/3095"}],"wp:attachment":[{"href":"https:\/\/kranjcic.hr\/index.php?rest_route=%2Fwp%2Fv2%2Fmedia&parent=212"}],"wp:term":[{"taxonomy":"category","embeddable":true,"href":"https:\/\/kranjcic.hr\/index.php?rest_route=%2Fwp%2Fv2%2Fcategories&post=212"},{"taxonomy":"post_tag","embeddable":true,"href":"https:\/\/kranjcic.hr\/index.php?rest_route=%2Fwp%2Fv2%2Ftags&post=212"}],"curies":[{"name":"wp","href":"https:\/\/api.w.org\/{rel}","templated":true}]}}