{"id":2196,"date":"2010-01-08T20:38:12","date_gmt":"2010-01-08T20:38:12","guid":{"rendered":"https:\/\/udrugadrstjepankranjcic.wordpress.com\/?p=2196"},"modified":"2016-10-29T21:02:00","modified_gmt":"2016-10-29T21:02:00","slug":"udruga-o-hrvatskim-svecima-i-blazenicima-u-brestju","status":"publish","type":"post","link":"https:\/\/kranjcic.hr\/?p=2196","title":{"rendered":"UDRUGA O HRVATSKIM SVECIMA I BLA\u017dENICIMA U BRESTJU"},"content":{"rendered":"<p><span style=\"color: #808080;\">Uo\u010di 2. Dana hrvatskih svetaca i bla\u017eenika, \u0161to \u0107e biti odr\u017eani od 28. do 31. sije\u010dnja u Kri\u017eevcima, u \u017eupi Dobroga Pastira u zagreba\u010dkom naselju Brestje predstavnici organizatora Dana\u00a0&#8211;\u00a0kri\u017eeva\u010dki \u017eupnik <strong>Kre\u0161imir \u017dini\u0107 <\/strong>i predsjednica Udruge za promicanje znamenitih Kri\u017eev\u010dana \u201eDr. Stjepan Kranj\u010di\u0107\u201d <strong>Tanja Baran<\/strong> &#8211; okupljenim \u010dlanovima \u017eupne obiteljske zajednice, kao i ostalim \u017eupljanima, skrenuli su pozornost na \u017eivot i djelovanje hrvatskih svetaca i bla\u017eenika te su potaknuli na njihovo intenzivnije \u0161tovanje.<!--more--><\/span><\/p>\n<p><span style=\"color: #808080;\">Susret je zapo\u010deo pobo\u017eno\u0161\u0107u klanjanja koje su uz doma\u0107ega \u017eupnika <strong>Ivana Filip\u010di\u0107a<\/strong> predvodili \u010dlanovi obiteljske zajednice, posebno se molitvom utje\u010du\u0107i bl. Alojziju Stepincu, bl. Ivanu Merzu i bl. Mariji od Propetog Isusa Petkovi\u0107. Uslijedilo je euharistijsko slavlje \u00a0u sklopu kojega je kri\u017eeva\u010dki \u017eupnik \u017dini\u0107 uputio okupljene na svet na\u010din \u017eivota. Poru\u010dio je, posebno predstavljaju\u0107i \u017eivot sv. Marka Kri\u017eev\u010danina, da danas nitko od nas ne tra\u017ei krvno mu\u010deni\u0161tvo, na \u0161to se odlu\u010dio Marko Kri\u017eev\u010danin ili sv. Nikola Taveli\u0107, ali da svejedno u sredinama i okolnostima u kojima \u017eivimo svojim \u017eivotima mo\u017eemo svjedo\u010diti svetost.<\/span><\/p>\n<p><span style=\"color: #808080;\">Zatim je u \u017eupnoj dvorani uz prigodnu prezentaciju, kratko predstavljaju\u0107i \u017eivote svetih Nikole Taveli\u0107a, Leopolda Bogdana Mandi\u0107a i Marka Kri\u017eev\u010danina i bla\u017eenika Augustina Ka\u017eoti\u0107a, Gracije iz Mula, Ozane Kotorske, Alojzija Stepinca, Marije od Propetog Isusa Petkovi\u0107 i Ivana Merza, govorila <strong>Tanja Baran<\/strong>. Naglasila je da progla\u0161enih svetaca i postupaka za progla\u0161enje bla\u017eenim u Hrvatskoj nema puno zato \u0161to je svaka pojedina kauza dug, zahtjevan i skup posao, koji tra\u017ei i puno molitve pa je u tom smislu govorila i o potrebi \u010de\u0161\u0107ega zagovaranja vjernika pojedinom kandidatu za oltar jer se bez potvr\u0111enoga \u010duda progla\u0161enje ne mo\u017ee dogoditi.<\/span><\/p>\n<p><span style=\"color: #808080;\">Kri\u017eev\u010dani su na susretu Brestjanima podijelili bro\u0161uru \u201eHrvatski sveci i bla\u017eenici\u201d koju su priredili i objavili kao kombinaciju \u017eivotopisa, molitve i fotografije trojice hrvatskih svetaca i \u0161estero bla\u017eenika, a predstavljena je i prva knjiga pripovjedaka o svim hrvatskim svecima i bla\u017eenicima za djecu osnovno\u0161kolske dobi \u201ePlamena srca\u201d autorice <strong>Sonje Tomi\u0107<\/strong>, \u0161to su je u zajedni\u0161tvu objavili Udruga \u201eDr. Stjepan Kranj\u010di\u0107\u201c i Glas Koncila. Podijeljeni su i letci s programom 2. Dana hrvatskih svetaca i bla\u017eenika.<\/span><\/p>\n<p>&nbsp;<\/p>\n<p>&nbsp;<\/p>\n<div class=\"attachmentsContainer\"><span style=\"color: #808080;\">\u00a0<\/span><\/div>\n","protected":false},"excerpt":{"rendered":"<p>Uo\u010di 2. Dana hrvatskih svetaca i bla\u017eenika, \u0161to \u0107e biti odr\u017eani od 28. do 31. sije\u010dnja u Kri\u017eevcima, u \u017eupi Dobroga Pastira u zagreba\u010dkom naselju Brestje predstavnici organizatora Dana\u00a0&#8211;\u00a0kri\u017eeva\u010dki \u017eupnik Kre\u0161imir \u017dini\u0107 i predsjednica Udruge za promicanje znamenitih Kri\u017eev\u010dana \u201eDr. Stjepan Kranj\u010di\u0107\u201d Tanja Baran &#8211; okupljenim \u010dlanovima \u017eupne obiteljske zajednice,&hellip; <\/p>\n","protected":false},"author":1,"featured_media":0,"comment_status":"closed","ping_status":"closed","sticky":false,"template":"","format":"standard","meta":{"footnotes":""},"categories":[39,23,30],"tags":[],"class_list":["post-2196","post","type-post","status-publish","format-standard","hentry","category-2-dani-hsib","category-23","category-dani-hrvatskih-svetaca-i-blazenika"],"_links":{"self":[{"href":"https:\/\/kranjcic.hr\/index.php?rest_route=\/wp\/v2\/posts\/2196","targetHints":{"allow":["GET"]}}],"collection":[{"href":"https:\/\/kranjcic.hr\/index.php?rest_route=\/wp\/v2\/posts"}],"about":[{"href":"https:\/\/kranjcic.hr\/index.php?rest_route=\/wp\/v2\/types\/post"}],"author":[{"embeddable":true,"href":"https:\/\/kranjcic.hr\/index.php?rest_route=\/wp\/v2\/users\/1"}],"replies":[{"embeddable":true,"href":"https:\/\/kranjcic.hr\/index.php?rest_route=%2Fwp%2Fv2%2Fcomments&post=2196"}],"version-history":[{"count":1,"href":"https:\/\/kranjcic.hr\/index.php?rest_route=\/wp\/v2\/posts\/2196\/revisions"}],"predecessor-version":[{"id":3563,"href":"https:\/\/kranjcic.hr\/index.php?rest_route=\/wp\/v2\/posts\/2196\/revisions\/3563"}],"wp:attachment":[{"href":"https:\/\/kranjcic.hr\/index.php?rest_route=%2Fwp%2Fv2%2Fmedia&parent=2196"}],"wp:term":[{"taxonomy":"category","embeddable":true,"href":"https:\/\/kranjcic.hr\/index.php?rest_route=%2Fwp%2Fv2%2Fcategories&post=2196"},{"taxonomy":"post_tag","embeddable":true,"href":"https:\/\/kranjcic.hr\/index.php?rest_route=%2Fwp%2Fv2%2Ftags&post=2196"}],"curies":[{"name":"wp","href":"https:\/\/api.w.org\/{rel}","templated":true}]}}