{"id":2200,"date":"2009-12-17T20:41:48","date_gmt":"2009-12-17T20:41:48","guid":{"rendered":"https:\/\/udrugadrstjepankranjcic.wordpress.com\/?p=2200"},"modified":"2016-10-29T20:04:35","modified_gmt":"2016-10-29T20:04:35","slug":"dr-vladimir-loncarevic-i-glumac-dubravko-sidor-o-knjizevnom-kranjcicu","status":"publish","type":"post","link":"https:\/\/kranjcic.hr\/?p=2200","title":{"rendered":"DR. VLADIMIR LON\u010cAREVI\u0106 I GLUMAC DUBRAVKO SIDOR O KNJI\u017dEVNOM &#8220;KRANJ\u010cI\u0106U&#8221;"},"content":{"rendered":"<p><span style=\"color: #808080;\">U emisiji \u201ePoticaji Stjepana Kranj\u010di\u0107a&#8221; Radio Marije u \u010detvrtak 17. prosinca 2009. gostovali su knji\u017eevni povjesni\u010dar dr. <strong>Vladimir Lon\u010darevi\u0107 <\/strong>i glumac <strong>Dubravko Sidor<\/strong>. Tema je bila analiza i prezentacija 1. Susreta hrvatskoga duhovnoga knji\u017eevnoga stvarala\u0161tva \u201eStjepan Kranj\u010di\u0107&#8221;, koji je odr\u017ean u Kri\u017eevcima, na dan Kranj\u010di\u0107eva ro\u0111enja 5. prosinca 2009.<!--more--><\/span><\/p>\n<p><span style=\"color: #808080;\">Dr. Lon\u010darevi\u0107 je izrazio zadovoljstvo \u0161to je napokon organiziran natje\u010daj za kratke knji\u017eevne \u017eanrove i Susret posve\u0107en suvremenoj hrvatskoj duhovnoj knji\u017eevnosti te je, uz pozitivnu ocjenu svega \u0161to se na Susretu dogodio, izrazio nadu da \u0107e natje\u010daj pod Kranj\u010di\u0107evim imenom postati tradicionalan. Glumac Dubravko Sidor zatim je interpretirao neke od nagra\u0111enih radova na tome Susretu.<\/span><\/p>\n<p><span style=\"color: #808080;\">Na kraju emisije kratko je predstavljen program 2. Dana hrvatskih svetaca i bla\u017eenika \u0161to \u0107e biti odr\u017eani u Kri\u017eevcima od 28. do 31. 1. 2010., slu\u0161ateljima je \u010destitan Bo\u017ei\u0107 i 2010. godina te je izmoljena molitva za otvorenje procesa za progla\u0161enje bla\u017eenim Stjepana Kranj\u010di\u0107a.<\/span><\/p>\n<p>&nbsp;<\/p>\n<p>&nbsp;<\/p>\n","protected":false},"excerpt":{"rendered":"<p>U emisiji \u201ePoticaji Stjepana Kranj\u010di\u0107a&#8221; Radio Marije u \u010detvrtak 17. prosinca 2009. gostovali su knji\u017eevni povjesni\u010dar dr. Vladimir Lon\u010darevi\u0107 i glumac Dubravko Sidor. Tema je bila analiza i prezentacija 1. Susreta hrvatskoga duhovnoga knji\u017eevnoga stvarala\u0161tva \u201eStjepan Kranj\u010di\u0107&#8221;, koji je odr\u017ean u Kri\u017eevcima, na dan Kranj\u010di\u0107eva ro\u0111enja 5. prosinca 2009.<\/p>\n","protected":false},"author":1,"featured_media":0,"comment_status":"closed","ping_status":"closed","sticky":false,"template":"","format":"standard","meta":{"footnotes":""},"categories":[38,22,34,11],"tags":[],"class_list":["post-2200","post","type-post","status-publish","format-standard","hentry","category-1-knjizevni-kranjcic","category-22","category-knjizevni-kranjcic","category-poticaji-stjepana-kranjcica"],"_links":{"self":[{"href":"https:\/\/kranjcic.hr\/index.php?rest_route=\/wp\/v2\/posts\/2200","targetHints":{"allow":["GET"]}}],"collection":[{"href":"https:\/\/kranjcic.hr\/index.php?rest_route=\/wp\/v2\/posts"}],"about":[{"href":"https:\/\/kranjcic.hr\/index.php?rest_route=\/wp\/v2\/types\/post"}],"author":[{"embeddable":true,"href":"https:\/\/kranjcic.hr\/index.php?rest_route=\/wp\/v2\/users\/1"}],"replies":[{"embeddable":true,"href":"https:\/\/kranjcic.hr\/index.php?rest_route=%2Fwp%2Fv2%2Fcomments&post=2200"}],"version-history":[{"count":1,"href":"https:\/\/kranjcic.hr\/index.php?rest_route=\/wp\/v2\/posts\/2200\/revisions"}],"predecessor-version":[{"id":3487,"href":"https:\/\/kranjcic.hr\/index.php?rest_route=\/wp\/v2\/posts\/2200\/revisions\/3487"}],"wp:attachment":[{"href":"https:\/\/kranjcic.hr\/index.php?rest_route=%2Fwp%2Fv2%2Fmedia&parent=2200"}],"wp:term":[{"taxonomy":"category","embeddable":true,"href":"https:\/\/kranjcic.hr\/index.php?rest_route=%2Fwp%2Fv2%2Fcategories&post=2200"},{"taxonomy":"post_tag","embeddable":true,"href":"https:\/\/kranjcic.hr\/index.php?rest_route=%2Fwp%2Fv2%2Ftags&post=2200"}],"curies":[{"name":"wp","href":"https:\/\/api.w.org\/{rel}","templated":true}]}}