{"id":2208,"date":"2009-12-03T20:49:57","date_gmt":"2009-12-03T20:49:57","guid":{"rendered":"https:\/\/udrugadrstjepankranjcic.wordpress.com\/?p=2208"},"modified":"2016-10-29T20:11:25","modified_gmt":"2016-10-29T20:11:25","slug":"udruga-dobila-priznanje-zaklade-cujem-vjerujem-vidim","status":"publish","type":"post","link":"https:\/\/kranjcic.hr\/?p=2208","title":{"rendered":"UDRUGA DOBILA PRIZNANJE ZAKLADE &#8220;\u010cUJEM, VJERUJEM, VIDIM&#8221;"},"content":{"rendered":"<p><span style=\"color: #808080;\">Na svojoj redovitoj godi\u0161njoj skup\u0161tini odr\u017eanoj u \u010detvrtak 3. prosinca 2009. u Tribini Grada Zagreba na Kaptolu 27 u Zagrebu, Zaklada \u201e\u010cujem, vjerujem, vidim&#8221; dodijelila je priznanje Udruzi \u201eStjepan Kranj\u010di\u0107&#8221; za pomo\u0107 u radu Zaklade. Priznanje je uime Udruge primila predsjednica <strong>Tanja Baran<\/strong>.<!--more--><\/span><\/p>\n<p><span style=\"color: #808080;\">Na molbu upravitelja Zaklade <strong>Mirka Hrka\u010da<\/strong> predsjednica Udruge <strong>Tanja Baran<\/strong> ustupila je autorska prava Zakladi na bro\u0161uru \u201eHrvatski sveci i bla\u017eenici&#8221; objavljenoj u Kri\u017eevcima u sije\u010dnju 2009. u povodu 1. Dana hrvatskih svetaca i bla\u017eenika. Nakon ustupanja autorskih prava Zaklada je objavila zvu\u010dnu knjigu \u201eHrvatski sveci i bla\u017eenici&#8221; \u010diji su sadr\u017eaj na Hrvatskom radiju i\u0161\u010ditali <strong>Lejdi Oreb<\/strong>, <strong>Tomislav Baran<\/strong> i <strong>Tanja Baran<\/strong>, dok je autor glazbenoga dijela zvu\u010dne knjige <strong>Toni Eterovi\u0107<\/strong>. Zvu\u010dna knjiga \u201eHrvatski sveci i bla\u017eenici&#8221; u prodaji je od po\u010detka jeseni 2009.<\/span><\/p>\n<p>&nbsp;<\/p>\n<p>&nbsp;<\/p>\n","protected":false},"excerpt":{"rendered":"<p>Na svojoj redovitoj godi\u0161njoj skup\u0161tini odr\u017eanoj u \u010detvrtak 3. prosinca 2009. u Tribini Grada Zagreba na Kaptolu 27 u Zagrebu, Zaklada \u201e\u010cujem, vjerujem, vidim&#8221; dodijelila je priznanje Udruzi \u201eStjepan Kranj\u010di\u0107&#8221; za pomo\u0107 u radu Zaklade. Priznanje je uime Udruge primila predsjednica Tanja Baran.<\/p>\n","protected":false},"author":1,"featured_media":0,"comment_status":"closed","ping_status":"closed","sticky":false,"template":"","format":"standard","meta":{"footnotes":""},"categories":[22],"tags":[],"class_list":["post-2208","post","type-post","status-publish","format-standard","hentry","category-22"],"_links":{"self":[{"href":"https:\/\/kranjcic.hr\/index.php?rest_route=\/wp\/v2\/posts\/2208","targetHints":{"allow":["GET"]}}],"collection":[{"href":"https:\/\/kranjcic.hr\/index.php?rest_route=\/wp\/v2\/posts"}],"about":[{"href":"https:\/\/kranjcic.hr\/index.php?rest_route=\/wp\/v2\/types\/post"}],"author":[{"embeddable":true,"href":"https:\/\/kranjcic.hr\/index.php?rest_route=\/wp\/v2\/users\/1"}],"replies":[{"embeddable":true,"href":"https:\/\/kranjcic.hr\/index.php?rest_route=%2Fwp%2Fv2%2Fcomments&post=2208"}],"version-history":[{"count":2,"href":"https:\/\/kranjcic.hr\/index.php?rest_route=\/wp\/v2\/posts\/2208\/revisions"}],"predecessor-version":[{"id":4068,"href":"https:\/\/kranjcic.hr\/index.php?rest_route=\/wp\/v2\/posts\/2208\/revisions\/4068"}],"wp:attachment":[{"href":"https:\/\/kranjcic.hr\/index.php?rest_route=%2Fwp%2Fv2%2Fmedia&parent=2208"}],"wp:term":[{"taxonomy":"category","embeddable":true,"href":"https:\/\/kranjcic.hr\/index.php?rest_route=%2Fwp%2Fv2%2Fcategories&post=2208"},{"taxonomy":"post_tag","embeddable":true,"href":"https:\/\/kranjcic.hr\/index.php?rest_route=%2Fwp%2Fv2%2Ftags&post=2208"}],"curies":[{"name":"wp","href":"https:\/\/api.w.org\/{rel}","templated":true}]}}