{"id":2211,"date":"2009-11-19T20:53:19","date_gmt":"2009-11-19T20:53:19","guid":{"rendered":"https:\/\/udrugadrstjepankranjcic.wordpress.com\/?p=2211"},"modified":"2016-10-29T20:12:54","modified_gmt":"2016-10-29T20:12:54","slug":"nekadasnja-kranjciceva-vjeroucenica-bozena-mrazovic-o-svojem-zupniku-stjepanu-kranjcicu","status":"publish","type":"post","link":"https:\/\/kranjcic.hr\/?p=2211","title":{"rendered":"NEKADA\u0160NJA KRANJ\u010cI\u0106EVA VJEROU\u010cENICA BO\u017dENA MRAZOVI\u0106 O SVOJEM \u017dUPNIKU STJEPANU KRANJ\u010cI\u0106U"},"content":{"rendered":"<p><span style=\"color: #808080;\">\u201ePoticaji Stjepan Kranj\u010di\u0107a&#8221; Radio Marije u \u010detvrtak 19. studenoga 2009. bili su u znaku svjedo\u010denja nekada\u0161nje Kranj\u010di\u0107eve vjerou\u010denice <strong>Bo\u017eene Mrazovi\u0107<\/strong> o njenom nikada zaboravljenom i pre\u017ealjenom \u017eupniku Stjepanu.<!--more--><\/span><\/p>\n<p><span style=\"color: #808080;\">S puno detalja i emocija, \u010dak i uz pokoju suza, gospo\u0111a Mrazovi\u0107 dala je svoje iskreno svjedo\u010denje i sje\u0107anje na \u017eupnika za kojega bi voljela, istaknula je, da bude podignut na \u010dast oltara jer je, prema njezinim rije\u010dima, on to zaslu\u017eio po svim svojim vrlinama koje je svakodnevno pokazivao tijekom cijeloga svojeg prekratkog \u017eivota.<\/span><\/p>\n<p>&nbsp;<\/p>\n<p>&nbsp;<\/p>\n","protected":false},"excerpt":{"rendered":"<p>\u201ePoticaji Stjepan Kranj\u010di\u0107a&#8221; Radio Marije u \u010detvrtak 19. studenoga 2009. bili su u znaku svjedo\u010denja nekada\u0161nje Kranj\u010di\u0107eve vjerou\u010denice Bo\u017eene Mrazovi\u0107 o njenom nikada zaboravljenom i pre\u017ealjenom \u017eupniku Stjepanu.<\/p>\n","protected":false},"author":1,"featured_media":0,"comment_status":"closed","ping_status":"closed","sticky":false,"template":"","format":"standard","meta":{"footnotes":""},"categories":[22,11],"tags":[],"class_list":["post-2211","post","type-post","status-publish","format-standard","hentry","category-22","category-poticaji-stjepana-kranjcica"],"_links":{"self":[{"href":"https:\/\/kranjcic.hr\/index.php?rest_route=\/wp\/v2\/posts\/2211","targetHints":{"allow":["GET"]}}],"collection":[{"href":"https:\/\/kranjcic.hr\/index.php?rest_route=\/wp\/v2\/posts"}],"about":[{"href":"https:\/\/kranjcic.hr\/index.php?rest_route=\/wp\/v2\/types\/post"}],"author":[{"embeddable":true,"href":"https:\/\/kranjcic.hr\/index.php?rest_route=\/wp\/v2\/users\/1"}],"replies":[{"embeddable":true,"href":"https:\/\/kranjcic.hr\/index.php?rest_route=%2Fwp%2Fv2%2Fcomments&post=2211"}],"version-history":[{"count":1,"href":"https:\/\/kranjcic.hr\/index.php?rest_route=\/wp\/v2\/posts\/2211\/revisions"}],"predecessor-version":[{"id":3491,"href":"https:\/\/kranjcic.hr\/index.php?rest_route=\/wp\/v2\/posts\/2211\/revisions\/3491"}],"wp:attachment":[{"href":"https:\/\/kranjcic.hr\/index.php?rest_route=%2Fwp%2Fv2%2Fmedia&parent=2211"}],"wp:term":[{"taxonomy":"category","embeddable":true,"href":"https:\/\/kranjcic.hr\/index.php?rest_route=%2Fwp%2Fv2%2Fcategories&post=2211"},{"taxonomy":"post_tag","embeddable":true,"href":"https:\/\/kranjcic.hr\/index.php?rest_route=%2Fwp%2Fv2%2Ftags&post=2211"}],"curies":[{"name":"wp","href":"https:\/\/api.w.org\/{rel}","templated":true}]}}