{"id":2213,"date":"2009-11-01T20:54:27","date_gmt":"2009-11-01T20:54:27","guid":{"rendered":"https:\/\/udrugadrstjepankranjcic.wordpress.com\/?p=2213"},"modified":"2016-10-29T20:13:22","modified_gmt":"2016-10-29T20:13:22","slug":"organizirani-odlazak-na-grob-dr-kranjcica-na-svetkovinu-svih-svetih","status":"publish","type":"post","link":"https:\/\/kranjcic.hr\/?p=2213","title":{"rendered":"ORGANIZIRANI ODLAZAK NA GROB DR. KRANJ\u010cI\u0106A NA SVETKOVINU SVIH SVETIH"},"content":{"rendered":"<p><span style=\"color: #808080;\">Na svetkovinu Svih svetih, 1. studenoga 2009., izaslanstvo Udruge za promicanje znamenitih Kri\u017eev\u010dana \u201eDr. Stjepan Kranj\u010di\u0107&#8221; organizirano je po\u0161lo na grob \u017eupnika Stjepana Kranj\u010di\u0107a na kri\u017eeva\u010dkom Gradskom groblju.\u00a0 Lijepa skupina vjernika predvo\u0111ena kri\u017eeva\u010dkim \u017eupnicima <strong>Kre\u0161imirom \u017dini\u0107em<\/strong> i <strong>Ivanom Novakom<\/strong> okupila se na grobu, polo\u017eila vijence i svije\u0107e, pomolila se te izrekla molitvu za otvorenje postupka za progla\u0161enje bla\u017eenim Stjepana Kranj\u010di\u0107a.<\/span><\/p>\n<p>&nbsp;<\/p>\n<p>&nbsp;<\/p>\n","protected":false},"excerpt":{"rendered":"<p>Na svetkovinu Svih svetih, 1. studenoga 2009., izaslanstvo Udruge za promicanje znamenitih Kri\u017eev\u010dana \u201eDr. Stjepan Kranj\u010di\u0107&#8221; organizirano je po\u0161lo na grob \u017eupnika Stjepana Kranj\u010di\u0107a na kri\u017eeva\u010dkom Gradskom groblju.\u00a0 Lijepa skupina vjernika predvo\u0111ena kri\u017eeva\u010dkim \u017eupnicima Kre\u0161imirom \u017dini\u0107em i Ivanom Novakom okupila se na grobu, polo\u017eila vijence i svije\u0107e, pomolila se te&hellip; <\/p>\n","protected":false},"author":1,"featured_media":0,"comment_status":"closed","ping_status":"closed","sticky":false,"template":"","format":"standard","meta":{"footnotes":""},"categories":[22,17],"tags":[],"class_list":["post-2213","post","type-post","status-publish","format-standard","hentry","category-22","category-svi-sveti"],"_links":{"self":[{"href":"https:\/\/kranjcic.hr\/index.php?rest_route=\/wp\/v2\/posts\/2213","targetHints":{"allow":["GET"]}}],"collection":[{"href":"https:\/\/kranjcic.hr\/index.php?rest_route=\/wp\/v2\/posts"}],"about":[{"href":"https:\/\/kranjcic.hr\/index.php?rest_route=\/wp\/v2\/types\/post"}],"author":[{"embeddable":true,"href":"https:\/\/kranjcic.hr\/index.php?rest_route=\/wp\/v2\/users\/1"}],"replies":[{"embeddable":true,"href":"https:\/\/kranjcic.hr\/index.php?rest_route=%2Fwp%2Fv2%2Fcomments&post=2213"}],"version-history":[{"count":1,"href":"https:\/\/kranjcic.hr\/index.php?rest_route=\/wp\/v2\/posts\/2213\/revisions"}],"predecessor-version":[{"id":3492,"href":"https:\/\/kranjcic.hr\/index.php?rest_route=\/wp\/v2\/posts\/2213\/revisions\/3492"}],"wp:attachment":[{"href":"https:\/\/kranjcic.hr\/index.php?rest_route=%2Fwp%2Fv2%2Fmedia&parent=2213"}],"wp:term":[{"taxonomy":"category","embeddable":true,"href":"https:\/\/kranjcic.hr\/index.php?rest_route=%2Fwp%2Fv2%2Fcategories&post=2213"},{"taxonomy":"post_tag","embeddable":true,"href":"https:\/\/kranjcic.hr\/index.php?rest_route=%2Fwp%2Fv2%2Ftags&post=2213"}],"curies":[{"name":"wp","href":"https:\/\/api.w.org\/{rel}","templated":true}]}}