{"id":2263,"date":"2009-09-16T21:47:58","date_gmt":"2009-09-16T21:47:58","guid":{"rendered":"https:\/\/udrugadrstjepankranjcic.wordpress.com\/?p=2263"},"modified":"2016-10-29T20:16:49","modified_gmt":"2016-10-29T20:16:49","slug":"predstavljena-knjiga-sveti-marko-krizevcanin-u-prilozima-glasa-koncila","status":"publish","type":"post","link":"https:\/\/kranjcic.hr\/?p=2263","title":{"rendered":"PREDSTAVLJENA KNJIGA &#8220;SVETI MARKO KRI\u017dEV\u010cANIN &#8211; U PRILOZIMA GLASA KONCILA&#8221;"},"content":{"rendered":"<p><span style=\"color: #808080;\">Kao prvi sadr\u017eaj Godine sv. Marka Kri\u017eev\u010danina koja je otvorena u Kri\u017eevcima u povodu sve\u010devih obljetnica \u2013 420. obljetnice ro\u0111enja i 390. godi\u0161njice smrti \u2013 u srijedu 16. rujna u kri\u017eeva\u010dkom Hrvatskom domu predstavljena je knjiga \u201eSveti Marko Kri\u017eev\u010danin \u2013 u prilozima Glasa Koncila&#8221;. Time su zavr\u0161eni Dani sv. Marka Kri\u017eev\u010danina koji su u povodu Markova blagdana, koji se slavi 7. rujna, uz bogate programe trajali od 29. kolovoza.\u00a0<!--more--><\/span><\/p>\n<p><span style=\"color: #808080;\">Knjigu su u zajedni\u0161tvu objavile kri\u017eeva\u010dke \u017eupe: sv. Ane te BDM \u017dalosne i sv. Marka Kri\u017eev\u010danina, Udruga za promicanje znamenitih Kri\u017eev\u010dana \u201eDr. Stjepan Kranj\u010di\u0107&#8221; i Grad Kri\u017eevci kao izdava\u010di, suizdava\u0161tvo su potpisale Vara\u017edinska biskupija i Koprivni\u010dko-kri\u017eeva\u010dka \u017eupanija kojima je sv. Marko za\u0161titnik, a nakladnik je Glas Koncila \u010diji je urednik<strong> Ivan Mikleni\u0107<\/strong> i urednik knjige.<\/span><\/p>\n<p><span style=\"color: #808080;\">Izdava\u010di su knjigom \u017eeljeli dobiti \u0161to potpuniji prikaz Markova \u017eivota i djelovanja te svih popratnih sadr\u017eaja i manifestacija koje su se dogodile od Markove mu\u010deni\u010dke smrti do danas, a \u0161to je zabilje\u017eio Glas Koncila. Zato je nakon pregledavanja svih tekstova o tre\u0107em hrvatskom svecu, a prvom i jedinom svecu Zagreba\u010dke nadbiskupije koje je od svojih po\u010detaka 1963. objavio Glas Koncila, zaklju\u010deno da je o sv. Marku ispisano na stotine kartica teksta. Sa\u017eetak svega, a zapravo najvrednijega \u0161to je u 46 godina ispisalo gotovo 60 autora, stao je na tristotinjak stranica knjige oblikovane u vi\u0161e tematski raznolikih poglavlja, bez obzira na to radi li se o sv. Marku posve\u0107enim autorskim tekstovima ili se svetac u njima spominje samo rubno. Tako knjiga sadr\u017ei cjeline: \u201e\u017divot, mu\u010deni\u0161tvo i poruke&#8221;, \u201eProgla\u0161enje svetim&#8221;, \u201eProslave blagdana&#8221;, \u201eSlavlja obljetnica progla\u0161enja bla\u017eenim i svetim&#8221;, \u201eSpomeni u raznim prigodama&#8221;, \u201eNaslovnik crkvi i kapela&#8221;, \u201eIzazov za kulturno stvarala\u0161tvo&#8221;. Ukupnost sadr\u017eaja pokazuje da lik i djelo sv. Marka Kri\u017eev\u010danina redovito pobu\u0111uju zanimanje na\u0161e vjerni\u010dke javnosti te da je on prisutan u svim dijelovima Crkve u Hrvata.<\/span><\/p>\n<p><span style=\"color: #808080;\">O knjizi su pred punom dvoranom kri\u017eeva\u010dkoga Hrvatskoga doma govorili: kri\u017eeva\u010dki \u017eupnik <strong>Kre\u0161imir \u017dini\u0107<\/strong>, kri\u017eeva\u010dki gradona\u010delnik <strong>Branko Hrg<\/strong>, vara\u017edinski biskup <strong>Josip Mrzljak<\/strong>, koprivni\u010dko-kri\u017eeva\u010dki \u017eupan<strong> Darko Koren<\/strong>. Sadr\u017eaj knjige predstavio je urednik <strong>Ivan Mikleni\u0107<\/strong>, u glazbenom je programu dvije pjesme posve\u0107ene Marku Kri\u017eev\u010daninu izveo Zbor mladih kri\u017eeva\u010dkih \u017eupa, dok je program moderirala predsjednica Udruge \u201eDr. Stjepan Kranj\u010di\u0107&#8221; <strong>Tanja Baran<\/strong>.<\/span><\/p>\n\n<p>&nbsp;<\/p>\n<p>&nbsp;<\/p>\n","protected":false},"excerpt":{"rendered":"<p>Kao prvi sadr\u017eaj Godine sv. Marka Kri\u017eev\u010danina koja je otvorena u Kri\u017eevcima u povodu sve\u010devih obljetnica \u2013 420. obljetnice ro\u0111enja i 390. godi\u0161njice smrti \u2013 u srijedu 16. rujna u kri\u017eeva\u010dkom Hrvatskom domu predstavljena je knjiga \u201eSveti Marko Kri\u017eev\u010danin \u2013 u prilozima Glasa Koncila&#8221;. Time su zavr\u0161eni Dani sv. Marka&hellip; <\/p>\n","protected":false},"author":1,"featured_media":0,"comment_status":"closed","ping_status":"closed","sticky":false,"template":"","format":"standard","meta":{"footnotes":""},"categories":[22,13,16],"tags":[],"class_list":["post-2263","post","type-post","status-publish","format-standard","hentry","category-22","category-publikacije","category-sveti-marko-krizevcanin"],"_links":{"self":[{"href":"https:\/\/kranjcic.hr\/index.php?rest_route=\/wp\/v2\/posts\/2263","targetHints":{"allow":["GET"]}}],"collection":[{"href":"https:\/\/kranjcic.hr\/index.php?rest_route=\/wp\/v2\/posts"}],"about":[{"href":"https:\/\/kranjcic.hr\/index.php?rest_route=\/wp\/v2\/types\/post"}],"author":[{"embeddable":true,"href":"https:\/\/kranjcic.hr\/index.php?rest_route=\/wp\/v2\/users\/1"}],"replies":[{"embeddable":true,"href":"https:\/\/kranjcic.hr\/index.php?rest_route=%2Fwp%2Fv2%2Fcomments&post=2263"}],"version-history":[{"count":3,"href":"https:\/\/kranjcic.hr\/index.php?rest_route=\/wp\/v2\/posts\/2263\/revisions"}],"predecessor-version":[{"id":4069,"href":"https:\/\/kranjcic.hr\/index.php?rest_route=\/wp\/v2\/posts\/2263\/revisions\/4069"}],"wp:attachment":[{"href":"https:\/\/kranjcic.hr\/index.php?rest_route=%2Fwp%2Fv2%2Fmedia&parent=2263"}],"wp:term":[{"taxonomy":"category","embeddable":true,"href":"https:\/\/kranjcic.hr\/index.php?rest_route=%2Fwp%2Fv2%2Fcategories&post=2263"},{"taxonomy":"post_tag","embeddable":true,"href":"https:\/\/kranjcic.hr\/index.php?rest_route=%2Fwp%2Fv2%2Ftags&post=2263"}],"curies":[{"name":"wp","href":"https:\/\/api.w.org\/{rel}","templated":true}]}}