{"id":2267,"date":"2009-09-13T21:53:51","date_gmt":"2009-09-13T21:53:51","guid":{"rendered":"https:\/\/udrugadrstjepankranjcic.wordpress.com\/?p=2267"},"modified":"2016-10-29T20:17:12","modified_gmt":"2016-10-29T20:17:12","slug":"zupnik-zinic-najavio-zatvaranje-godine-dr-stjepana-kranjcica","status":"publish","type":"post","link":"https:\/\/kranjcic.hr\/?p=2267","title":{"rendered":"\u017dUPNIK \u017dINI\u0106 NAJAVIO ZATVARANJE GODINE DR. STJEPANA KRANJ\u010cI\u0106A"},"content":{"rendered":"<p><span style=\"color: #808080;\">U redovitoj emisiji Radio Marije \u201ePoticaji Stjepana Kranj\u010di\u0107a&#8221; u \u010detvrtak 19. o\u017eujka 2009. gostovao je \u017eupnik kri\u017eeva\u010dke \u017eupe sv. Ane vl\u010d. <strong>Kre\u0161imir \u017dini\u0107<\/strong>.<!--more--><\/span><\/p>\n<p><span style=\"color: #808080;\">Najavio je dvostruku sve\u010danost zatvaranja Godine dr. Stjepana Kranj\u010di\u0107a, i to 8. travnja 2009. predstavljanjem zbornika radova pod nazivom \u201eStjepan Kranj\u010di\u0107 &#8211; \u017eivot i djelo&#8221; te 13. travnja kada \u0107e biti odr\u017eana zavr\u0161na sve\u010danost Godine uz euharistijsko slavlje koje \u0107e predvoditi pomo\u0107i zagreba\u010dki biskup <strong>Valentin Pozai\u0107<\/strong> te uz projekciju dokumentarnoga \u201e\u017dupnik kri\u017eeva\u010dki&#8221; autora <strong>Marija Ragu\u017ea<\/strong>.<\/span><\/p>\n<p><span style=\"color: #808080;\">\u017dupnik \u017dini\u0107 rezimirao je bogat i sadr\u017eajan program Godine dr. Stjepana Kranj\u010di\u0107a rekav\u0161i da zavr\u0161etkom te Godine predstavljanje i \u0161tovanje dr. Kranj\u010di\u0107a nije zavr\u0161eno, ve\u0107 da su planu i neki drugi sadr\u017eaji posve\u0107eni dr. Kranj\u010di\u0107u. Najavio je i ostale sadr\u017eaje Udruge \u201eDr. Stjepan Kranj\u010di\u0107&#8221; u 2009. godini.<\/span><\/p>\n<p>&nbsp;<\/p>\n<p>&nbsp;<\/p>\n<div class=\"attachmentsContainer\"><\/div>\n","protected":false},"excerpt":{"rendered":"<p>U redovitoj emisiji Radio Marije \u201ePoticaji Stjepana Kranj\u010di\u0107a&#8221; u \u010detvrtak 19. o\u017eujka 2009. gostovao je \u017eupnik kri\u017eeva\u010dke \u017eupe sv. Ane vl\u010d. Kre\u0161imir \u017dini\u0107.<\/p>\n","protected":false},"author":1,"featured_media":0,"comment_status":"closed","ping_status":"closed","sticky":false,"template":"","format":"standard","meta":{"footnotes":""},"categories":[22,33,11],"tags":[],"class_list":["post-2267","post","type-post","status-publish","format-standard","hentry","category-22","category-godina-dr-stjepana-kranjcica","category-poticaji-stjepana-kranjcica"],"_links":{"self":[{"href":"https:\/\/kranjcic.hr\/index.php?rest_route=\/wp\/v2\/posts\/2267","targetHints":{"allow":["GET"]}}],"collection":[{"href":"https:\/\/kranjcic.hr\/index.php?rest_route=\/wp\/v2\/posts"}],"about":[{"href":"https:\/\/kranjcic.hr\/index.php?rest_route=\/wp\/v2\/types\/post"}],"author":[{"embeddable":true,"href":"https:\/\/kranjcic.hr\/index.php?rest_route=\/wp\/v2\/users\/1"}],"replies":[{"embeddable":true,"href":"https:\/\/kranjcic.hr\/index.php?rest_route=%2Fwp%2Fv2%2Fcomments&post=2267"}],"version-history":[{"count":2,"href":"https:\/\/kranjcic.hr\/index.php?rest_route=\/wp\/v2\/posts\/2267\/revisions"}],"predecessor-version":[{"id":3497,"href":"https:\/\/kranjcic.hr\/index.php?rest_route=\/wp\/v2\/posts\/2267\/revisions\/3497"}],"wp:attachment":[{"href":"https:\/\/kranjcic.hr\/index.php?rest_route=%2Fwp%2Fv2%2Fmedia&parent=2267"}],"wp:term":[{"taxonomy":"category","embeddable":true,"href":"https:\/\/kranjcic.hr\/index.php?rest_route=%2Fwp%2Fv2%2Fcategories&post=2267"},{"taxonomy":"post_tag","embeddable":true,"href":"https:\/\/kranjcic.hr\/index.php?rest_route=%2Fwp%2Fv2%2Ftags&post=2267"}],"curies":[{"name":"wp","href":"https:\/\/api.w.org\/{rel}","templated":true}]}}