{"id":2271,"date":"2009-09-12T21:58:13","date_gmt":"2009-09-12T21:58:13","guid":{"rendered":"https:\/\/udrugadrstjepankranjcic.wordpress.com\/?p=2271"},"modified":"2016-10-29T20:17:41","modified_gmt":"2016-10-29T20:17:41","slug":"zupnik-kranjcic-na-festivalu-kajkavskih-popevki-u-krapini","status":"publish","type":"post","link":"https:\/\/kranjcic.hr\/?p=2271","title":{"rendered":"\u017dUPNIK KRANJ\u010cI\u0106 NA FESTIVALU KAJKAVSKIH POPEVKI U KRAPINI"},"content":{"rendered":"<p><span style=\"color: #808080;\">Festival kajkavskih popevki u sklopu 44. Tjedna kajkavske kulture u Krapini ove je godine u ve\u010der novoskladanih popevki uvrstio i jednu duhovnu pjesmu, pjesmu posve\u0107enu kri\u017eeva\u010dkom \u017eupniku na glasu svetosti Stjepanu Kranj\u010di\u0107u pod nazivom \u201eKranj\u010di\u0107ev znamen&#8221;.<!--more--><\/span><\/p>\n<p><span style=\"color: #808080;\">Tekst je napisala <strong>Tanja Baran<\/strong>, a glazbu i aran\u017eman <strong>Tomislav Uhlik<\/strong>. Otpjevao ju je <strong>Adam Kon\u010di\u0107<\/strong> i kri\u017eeva\u010dki Vokalni sastav \u201eAllegro&#8221;. Taj se nastup, kao i cjelokupan festival, mogao vidjeti u subotu 12. rujna u izravnom televizijskom prijenosu na 1. programu HTV-a od 21 sat.<\/span><\/p>\n<p><span style=\"color: #808080;\">Renomirani Krapinski festival nije festival duhovne tematike i u pravilu ne prima pjesme posve\u0107ene nekoj osobi, a kamoli sve\u0107eniku. Zato je ovogodi\u0161nji iskorak organizatora doprinos Krapinskoga festivala Sve\u0107eni\u010dkoj godini koja je u tijeku. Afirmativnim stihovima posve\u0107enima 41 godinu pokojnom sve\u0107eniku Kranj\u010di\u0107u, zasigurno \u0107e se popevkom svjedo\u010diti o plemenitom i Bogu posve\u0107enom sve\u0107eni\u010dkom \u017eivotu.<\/span><\/p>\n\n<p>&nbsp;<\/p>\n<p>&nbsp;<\/p>\n","protected":false},"excerpt":{"rendered":"<p>Festival kajkavskih popevki u sklopu 44. Tjedna kajkavske kulture u Krapini ove je godine u ve\u010der novoskladanih popevki uvrstio i jednu duhovnu pjesmu, pjesmu posve\u0107enu kri\u017eeva\u010dkom \u017eupniku na glasu svetosti Stjepanu Kranj\u010di\u0107u pod nazivom \u201eKranj\u010di\u0107ev znamen&#8221;.<\/p>\n","protected":false},"author":1,"featured_media":0,"comment_status":"closed","ping_status":"closed","sticky":false,"template":"","format":"standard","meta":{"footnotes":""},"categories":[22],"tags":[],"class_list":["post-2271","post","type-post","status-publish","format-standard","hentry","category-22"],"_links":{"self":[{"href":"https:\/\/kranjcic.hr\/index.php?rest_route=\/wp\/v2\/posts\/2271","targetHints":{"allow":["GET"]}}],"collection":[{"href":"https:\/\/kranjcic.hr\/index.php?rest_route=\/wp\/v2\/posts"}],"about":[{"href":"https:\/\/kranjcic.hr\/index.php?rest_route=\/wp\/v2\/types\/post"}],"author":[{"embeddable":true,"href":"https:\/\/kranjcic.hr\/index.php?rest_route=\/wp\/v2\/users\/1"}],"replies":[{"embeddable":true,"href":"https:\/\/kranjcic.hr\/index.php?rest_route=%2Fwp%2Fv2%2Fcomments&post=2271"}],"version-history":[{"count":1,"href":"https:\/\/kranjcic.hr\/index.php?rest_route=\/wp\/v2\/posts\/2271\/revisions"}],"predecessor-version":[{"id":3498,"href":"https:\/\/kranjcic.hr\/index.php?rest_route=\/wp\/v2\/posts\/2271\/revisions\/3498"}],"wp:attachment":[{"href":"https:\/\/kranjcic.hr\/index.php?rest_route=%2Fwp%2Fv2%2Fmedia&parent=2271"}],"wp:term":[{"taxonomy":"category","embeddable":true,"href":"https:\/\/kranjcic.hr\/index.php?rest_route=%2Fwp%2Fv2%2Fcategories&post=2271"},{"taxonomy":"post_tag","embeddable":true,"href":"https:\/\/kranjcic.hr\/index.php?rest_route=%2Fwp%2Fv2%2Ftags&post=2271"}],"curies":[{"name":"wp","href":"https:\/\/api.w.org\/{rel}","templated":true}]}}