{"id":2307,"date":"2009-04-16T20:42:06","date_gmt":"2009-04-16T20:42:06","guid":{"rendered":"https:\/\/udrugadrstjepankranjcic.wordpress.com\/?p=2307"},"modified":"2016-10-29T20:24:57","modified_gmt":"2016-10-29T20:24:57","slug":"prec-ivan-miklenic-predstavio-zbornik-stjepan-kranjcic-zivot-i-djelo","status":"publish","type":"post","link":"https:\/\/kranjcic.hr\/?p=2307","title":{"rendered":"PRE\u010c. IVAN MIKLENI\u0106 PREDSTAVIO ZBORNIK &#8220;STJEPAN KRANJ\u010cI\u0106 \u2013 \u017dIVOT I DJELO&#8221;"},"content":{"rendered":"<p><span style=\"color: #808080;\">U redovitoj mjese\u010dnoj emisiji \u201ePoticaji Stjepana Kranj\u010di\u0107a&#8221; na Radio Mariji u \u010detvrtak 16. travnja 2009. predstavljen je zbornik \u201eStjepan Kranj\u010di\u0107 \u2013 \u017eivot i djelo&#8221;. Zbornik je u cijelosti predstavio urednik pre\u010d. <strong>Ivan Mikleni\u0107<\/strong>.<!--more--><\/span><\/p>\n<p><span style=\"color: #808080;\">Govorio je o svim fazama nastanka zbornika, od znanstvenoga skupa odr\u017eanoga 5. travnja 2008. do trenutka tiskanja zbornika sa 12 znanstvenih radova te dodatkom od pet radova predstavljenih na okruglom stolu 7. svibnja 2008.\u00a0 i na jednom javnom predavanju 15. rujna 2008.<\/span><\/p>\n<p><span style=\"color: #808080;\">Pohvalio je i podr\u017eao inicijativu Udruge \u201eDr. Stjepan Kranj\u010di\u0107&#8221; oko promocije pokojnoga kri\u017eeva\u010dkoga \u017eupnika te izrazio nadu da \u0107e laici okupljeni u gra\u0111anskoj udruzi ustrajati u svojem radu.<\/span><\/p>\n<p>&nbsp;<\/p>\n<p>&nbsp;<\/p>\n","protected":false},"excerpt":{"rendered":"<p>U redovitoj mjese\u010dnoj emisiji \u201ePoticaji Stjepana Kranj\u010di\u0107a&#8221; na Radio Mariji u \u010detvrtak 16. travnja 2009. predstavljen je zbornik \u201eStjepan Kranj\u010di\u0107 \u2013 \u017eivot i djelo&#8221;. Zbornik je u cijelosti predstavio urednik pre\u010d. Ivan Mikleni\u0107.<\/p>\n","protected":false},"author":1,"featured_media":0,"comment_status":"closed","ping_status":"closed","sticky":false,"template":"","format":"standard","meta":{"footnotes":""},"categories":[22,13,11],"tags":[],"class_list":["post-2307","post","type-post","status-publish","format-standard","hentry","category-22","category-publikacije","category-poticaji-stjepana-kranjcica"],"_links":{"self":[{"href":"https:\/\/kranjcic.hr\/index.php?rest_route=\/wp\/v2\/posts\/2307","targetHints":{"allow":["GET"]}}],"collection":[{"href":"https:\/\/kranjcic.hr\/index.php?rest_route=\/wp\/v2\/posts"}],"about":[{"href":"https:\/\/kranjcic.hr\/index.php?rest_route=\/wp\/v2\/types\/post"}],"author":[{"embeddable":true,"href":"https:\/\/kranjcic.hr\/index.php?rest_route=\/wp\/v2\/users\/1"}],"replies":[{"embeddable":true,"href":"https:\/\/kranjcic.hr\/index.php?rest_route=%2Fwp%2Fv2%2Fcomments&post=2307"}],"version-history":[{"count":3,"href":"https:\/\/kranjcic.hr\/index.php?rest_route=\/wp\/v2\/posts\/2307\/revisions"}],"predecessor-version":[{"id":3514,"href":"https:\/\/kranjcic.hr\/index.php?rest_route=\/wp\/v2\/posts\/2307\/revisions\/3514"}],"wp:attachment":[{"href":"https:\/\/kranjcic.hr\/index.php?rest_route=%2Fwp%2Fv2%2Fmedia&parent=2307"}],"wp:term":[{"taxonomy":"category","embeddable":true,"href":"https:\/\/kranjcic.hr\/index.php?rest_route=%2Fwp%2Fv2%2Fcategories&post=2307"},{"taxonomy":"post_tag","embeddable":true,"href":"https:\/\/kranjcic.hr\/index.php?rest_route=%2Fwp%2Fv2%2Ftags&post=2307"}],"curies":[{"name":"wp","href":"https:\/\/api.w.org\/{rel}","templated":true}]}}