{"id":231,"date":"2015-09-18T14:55:31","date_gmt":"2015-09-18T14:55:31","guid":{"rendered":"https:\/\/sveciiblazenici.wordpress.com\/?p=3"},"modified":"2016-10-16T21:18:03","modified_gmt":"2016-10-16T21:18:03","slug":"hrvatski-sveci-i-blazenici-nakon-krizevaca-i-trogira-u-splitu-2","status":"publish","type":"post","link":"https:\/\/kranjcic.hr\/?p=231","title":{"rendered":"HRVATSKI SVECI I BLA\u017dENICI NAKON KRI\u017dEVACA I TROGIRA \u2013 U SPLITU"},"content":{"rendered":"<p>U organizaciji Galerije hrvatske sakralne umjetnosti \u201eLaudato\u201d u petak 18. rujna 2015., u sklopu 31. Redovni\u010dkih dana u Splitu \u0161to ih organizira Hrvatska konferencija vi\u0161ih redovni\u010dkih poglavara i poglavarica, u galeriji \u201eVinko Draganja, OP\u201d splitskoga dominikanskog samostana otvorena je izlo\u017eba akademskih slikara<strong><span style=\"color:#a18838;\"> Josipa Botterija Dinija<\/span><\/strong>, <span style=\"color:#a18838;\"><strong>Ana Marije Botteri Peruzovi\u0107<\/strong><\/span> i <span style=\"color:#a18838;\"><strong>Hrvoja Marka Peruzovi\u0107a<\/strong> <\/span>\u201eHrvatski sveci i bla\u017eenici u na\u0161em narodu\u201d.<!--more--><\/p>\n<p>U programu su uz autore sudjelovati voditelj galerije fr. <span style=\"color:#a18838;\"><strong>Ivan Iko Mateljan<\/strong><\/span>, vlasnica galerije \u201eLaudato\u201d <span style=\"color:#a18838;\"><strong>Ksenija Abramovi\u0107<\/strong><\/span>, likovni kriti\u010dar <span style=\"color:#a18838;\"><strong>Stanko \u0160poljari\u0107<\/strong><\/span>, dominikanski provincijal fr. <span style=\"color:#a18838;\"><strong>Anto Gavri\u0107<\/strong><\/span>, a izlo\u017ebu je otvorio predsjednik Hrvatske konferencije vi\u0161ih redovi\u010dkih poglavara i poglavarica fra<span style=\"color:#a18838;\"><strong> Jure \u0160ar\u010devi\u0107<\/strong><\/span>.<\/p>\n<p>U glazbenom je dijelu otvorenja nastupila klapa \u201eMri\u017ea\u201d, a kroz program je vodila predsjednica Udruge za promicanje znamenitih Kri\u017eev\u010dana \u201eDr. Stjepan Kranj\u010di\u0107\u201d <span style=\"color:#a18838;\"><strong>Tanja Baran<\/strong><\/span>. Izlo\u017eba \u0107e u Splitu biti otvorena do 18. listopada 2015.<\/p>\n<p>Izlo\u017eba \u201eHrvatski sveci i bla\u017eenici u na\u0161em narodu\u201d Josipa Botterija Dinija, Ana Marije Botteri Peruzovi\u0107 i Hrvoja Marka Peruzovi\u0107a suvremen je likovni prikaz najve\u0107ih hrvatskih duhovnih velikana koje je autorski trio oblikovao za 7. Dane hrvatskih svetaca i bla\u017eenika odr\u017eane u Kri\u017eevcima u mjesecu svibnju. Tijekom kolovoza izlo\u017eba je bila postavljena u Trogiru, a nakon Splita postav \u0107e biti prikazan i u Zagrebu, na blagdan za\u0161titnika umjetnika bl. fra Angelica 18. velja\u010de 2016. u samostanu i \u017eupi bl. Augustina Ka\u017eoti\u0107a na Pe\u0161\u010denici.<\/p>\n\n","protected":false},"excerpt":{"rendered":"<p>U organizaciji Galerije hrvatske sakralne umjetnosti \u201eLaudato\u201d u petak 18. rujna 2015., u sklopu 31. Redovni\u010dkih dana u Splitu \u0161to ih organizira Hrvatska konferencija vi\u0161ih redovni\u010dkih poglavara i poglavarica, u galeriji \u201eVinko Draganja, OP\u201d splitskoga dominikanskog samostana otvorena je izlo\u017eba akademskih slikara Josipa Botterija Dinija, Ana Marije Botteri Peruzovi\u0107 i&hellip; <\/p>\n","protected":false},"author":1,"featured_media":0,"comment_status":"closed","ping_status":"closed","sticky":false,"template":"","format":"standard","meta":{"footnotes":""},"categories":[28,53,30,18],"tags":[],"class_list":["post-231","post","type-post","status-publish","format-standard","hentry","category-28","category-7-dani-hsib","category-dani-hrvatskih-svetaca-i-blazenika","category-zbivanja"],"_links":{"self":[{"href":"https:\/\/kranjcic.hr\/index.php?rest_route=\/wp\/v2\/posts\/231","targetHints":{"allow":["GET"]}}],"collection":[{"href":"https:\/\/kranjcic.hr\/index.php?rest_route=\/wp\/v2\/posts"}],"about":[{"href":"https:\/\/kranjcic.hr\/index.php?rest_route=\/wp\/v2\/types\/post"}],"author":[{"embeddable":true,"href":"https:\/\/kranjcic.hr\/index.php?rest_route=\/wp\/v2\/users\/1"}],"replies":[{"embeddable":true,"href":"https:\/\/kranjcic.hr\/index.php?rest_route=%2Fwp%2Fv2%2Fcomments&post=231"}],"version-history":[{"count":2,"href":"https:\/\/kranjcic.hr\/index.php?rest_route=\/wp\/v2\/posts\/231\/revisions"}],"predecessor-version":[{"id":4055,"href":"https:\/\/kranjcic.hr\/index.php?rest_route=\/wp\/v2\/posts\/231\/revisions\/4055"}],"wp:attachment":[{"href":"https:\/\/kranjcic.hr\/index.php?rest_route=%2Fwp%2Fv2%2Fmedia&parent=231"}],"wp:term":[{"taxonomy":"category","embeddable":true,"href":"https:\/\/kranjcic.hr\/index.php?rest_route=%2Fwp%2Fv2%2Fcategories&post=231"},{"taxonomy":"post_tag","embeddable":true,"href":"https:\/\/kranjcic.hr\/index.php?rest_route=%2Fwp%2Fv2%2Ftags&post=231"}],"curies":[{"name":"wp","href":"https:\/\/api.w.org\/{rel}","templated":true}]}}