{"id":2310,"date":"2009-04-13T20:45:00","date_gmt":"2009-04-13T20:45:00","guid":{"rendered":"https:\/\/udrugadrstjepankranjcic.wordpress.com\/?p=2310"},"modified":"2016-10-29T20:26:24","modified_gmt":"2016-10-29T20:26:24","slug":"zatvaranje-godine-dr-stjepana-kranjcica","status":"publish","type":"post","link":"https:\/\/kranjcic.hr\/?p=2310","title":{"rendered":"ZATVARANJE GODINE DR. STJEPANA KRANJ\u010cI\u0106A"},"content":{"rendered":"<p><span style=\"color: #808080;\">Sve\u010danim euharistijskim slavljem i premijerom dokumentarnoga filma \u201e\u017dupnik kri\u017eeva\u010dki&#8221; <strong>Marija Ragu\u017ea<\/strong> u Kri\u017eevcima je na Uskrsni ponedjeljak 13. travnja 2009. zavr\u0161ena Godina dr. Stjepana Kranj\u010di\u0107a, kri\u017eeva\u010dkoga \u017eupnika na glasu svetosti.<!--more--><\/span><\/p>\n<h4><span style=\"color: #63c6ae;\">Misno slavlje<\/span><\/h4>\n<p><span style=\"color: #808080;\">Koncelebrirano misno slavlje, uz vi\u0161e sve\u0107enika, \u0111akona i bogoslova, u crkvi BDM \u017dalosne i sv. Marka Kri\u017eev\u010danina predvodio je pomo\u0107ni zagreba\u010dki biskup <strong>Valentin Pozai\u0107<\/strong>.<\/span><\/p>\n<p><span style=\"color: #808080;\">Govore\u0107i o svetom kri\u017eeva\u010dkom \u017eupniku spomenuo se 90. obljetnice Kranj\u010di\u0107eva ro\u0111enja i 40. godi\u0161njice smrti, o njemu kao o ponosu jer je bio integralni lik sve\u0107enika koji je proistekao iz njegova suobli\u010denja s Isusom Kristom. \u201eKranj\u010di\u0107 je molio sva tri otajstva krunice dnevno pa je bio pod stalnom za\u0161titom najvjernije zagovornice Hrvata, bio je i sve\u0107enik i patnik i zbog svega je postao i ostao ponosom svojih vjernika sve do danas&#8221;, istaknuo je biskup Pozai\u0107 rekav\u0161i da je Kranj\u010di\u0107 postao duhovni magnet i kompas na moru \u017eivota pitav\u0161i jesu li nam i danas potrebni uzori poput Kranj\u010di\u0107a? \u201eStjepan Kranj\u010di\u0107 napajao se nadahnu\u0107em za \u010dovjekoljublje, rodoljublje i domoljublje, a to je vjera u uskrsloga Isusa&#8221;, zaklju\u010dio je biskup Pozai\u0107 rekav\u0161i da je Uskrs iznena\u0111enje za sve zlo\u010dince. \u201eGodina dr. Stjepana Kranj\u010di\u0107a bila nam je dragocjena, bila nam je Bo\u017eji blagoslov i Bo\u017eje ohrabrenje&#8221;,\u00a0poru\u010dio je biskup.<\/span><\/p>\n<p><span style=\"color: #808080;\">U molitvama vjernika molilo se da se Stjepana okruni \u010da\u0161\u0107u oltara, u popri\u010desnom dijelu pjevana je \u201ePjesma o Stjepanu Kranj\u010di\u0107u&#8221; te su pro\u010ditani Kranj\u010di\u0107evi stihovi pod nazivom \u201ePri\u010desna molitva&#8221;, a na kraju mise izmoljena je molitva za otvorenje procesa za progla\u0161enje bla\u017eenim. U glazbenom su dijelu nastupili Tambura\u0161ki orkestar Glazbene \u0161kole Alberta \u0160trige, HPD \u201eKalnik&#8221; te Zbor mladih kri\u017eeva\u010dkih \u017eupa.<\/span><\/p>\n<h4><span style=\"color: #63c6ae;\">Premijera filma<\/span><\/h4>\n<p><span style=\"color: #808080;\">Zatim su se okupljeni preselili u kri\u017eeva\u010dki Hrvatski dom u kojem je premijerno prikazan dokumentarni film \u201e\u017dupnik kri\u017eeva\u010dki&#8221; scenarista i redatelja <strong>Marija Ragu\u017ea<\/strong> kojem je u snimateljskom i monta\u017eerskom dijelu pomogao <strong>Damir Glava\u0161<\/strong>, dok je tekstualni dio pro\u010ditao spiker <strong>Tomislav Baran<\/strong>. Rije\u010d je o 55-minutnom filmu koji je kombinacija izjava Kranj\u010di\u0107evih suvremenika i svjedoka, kontekstualizacije Kranj\u010di\u0107eva \u017eivota i djelovanja u komunisti\u010dkom vremenu u kojem je \u017eivio uz analizu nekoliko znanstvenika te Kranj\u010di\u0107eve nedavno prona\u0111ene poezije. Ragu\u017e je, predstavljaju\u0107i film, kazao kako mu je 15 sati snimljenoga materijala bio izazov da od krhotina napravi zdjelu. Kranj\u010di\u0107a je prozvao Sergejem Bubkom me\u0111u sve\u0107enicima jer je uspje\u0161no preskakao preko mnogih prepreka vremena i okolnosti u kojima je \u017eivio. Istaknuo je da je vrijednost filma \u0161to donosi iskaze i dvije ve\u0107 preminule Kranj\u010di\u0107eve svjedokinje te da je vi\u0161e svjedoka u snimanju filma izreklo neke \u010dinjenice o Kranj\u010di\u0107u kojih se nisu sjetili dok su davali pisanu uspomenu na Kranj\u010di\u0107a.<\/span><\/p>\n<p><span style=\"color: #808080;\">Uo\u010di projekcije predsjednica Udruge za promicanje znamenitih Kri\u017eev\u010dana \u201eDr. Stjepan Kranj\u010di\u0107&#8221; <strong>Tanja Baran<\/strong> zahvalila je suorganizatorima Godine i podijelila prigodne darove. Uime \u017eupe sv. Ane tom je prigodom govorio \u017eupnik<strong> Kre\u0161imir \u017dini\u0107<\/strong>, uime \u017eupe BDM \u017easlosne i sv. Marka Kri\u017eev\u010danina \u017eupnik <strong>Ivan Novak<\/strong>, uime Grada Kri\u017eevaca gradona\u010delnik <strong>Branko Hrg<\/strong>\u00a0 te uime Koprivni\u010dko-kri\u017eeva\u010dke \u017eupanije \u017eupan <strong>Darko Koren<\/strong>.<\/span><\/p>\n\n<p>&nbsp;<\/p>\n<p>&nbsp;<\/p>\n","protected":false},"excerpt":{"rendered":"<p>Sve\u010danim euharistijskim slavljem i premijerom dokumentarnoga filma \u201e\u017dupnik kri\u017eeva\u010dki&#8221; Marija Ragu\u017ea u Kri\u017eevcima je na Uskrsni ponedjeljak 13. travnja 2009. zavr\u0161ena Godina dr. Stjepana Kranj\u010di\u0107a, kri\u017eeva\u010dkoga \u017eupnika na glasu svetosti.<\/p>\n","protected":false},"author":1,"featured_media":0,"comment_status":"closed","ping_status":"closed","sticky":false,"template":"","format":"standard","meta":{"footnotes":""},"categories":[22,33],"tags":[],"class_list":["post-2310","post","type-post","status-publish","format-standard","hentry","category-22","category-godina-dr-stjepana-kranjcica"],"_links":{"self":[{"href":"https:\/\/kranjcic.hr\/index.php?rest_route=\/wp\/v2\/posts\/2310","targetHints":{"allow":["GET"]}}],"collection":[{"href":"https:\/\/kranjcic.hr\/index.php?rest_route=\/wp\/v2\/posts"}],"about":[{"href":"https:\/\/kranjcic.hr\/index.php?rest_route=\/wp\/v2\/types\/post"}],"author":[{"embeddable":true,"href":"https:\/\/kranjcic.hr\/index.php?rest_route=\/wp\/v2\/users\/1"}],"replies":[{"embeddable":true,"href":"https:\/\/kranjcic.hr\/index.php?rest_route=%2Fwp%2Fv2%2Fcomments&post=2310"}],"version-history":[{"count":2,"href":"https:\/\/kranjcic.hr\/index.php?rest_route=\/wp\/v2\/posts\/2310\/revisions"}],"predecessor-version":[{"id":3516,"href":"https:\/\/kranjcic.hr\/index.php?rest_route=\/wp\/v2\/posts\/2310\/revisions\/3516"}],"wp:attachment":[{"href":"https:\/\/kranjcic.hr\/index.php?rest_route=%2Fwp%2Fv2%2Fmedia&parent=2310"}],"wp:term":[{"taxonomy":"category","embeddable":true,"href":"https:\/\/kranjcic.hr\/index.php?rest_route=%2Fwp%2Fv2%2Fcategories&post=2310"},{"taxonomy":"post_tag","embeddable":true,"href":"https:\/\/kranjcic.hr\/index.php?rest_route=%2Fwp%2Fv2%2Ftags&post=2310"}],"curies":[{"name":"wp","href":"https:\/\/api.w.org\/{rel}","templated":true}]}}