{"id":2322,"date":"2009-04-10T20:58:01","date_gmt":"2009-04-10T20:58:01","guid":{"rendered":"https:\/\/udrugadrstjepankranjcic.wordpress.com\/?p=2322"},"modified":"2016-10-29T20:27:12","modified_gmt":"2016-10-29T20:27:12","slug":"izaslanstvo-udruge-na-kranjcicevu-grobu-na-spomendan-2009","status":"publish","type":"post","link":"https:\/\/kranjcic.hr\/?p=2322","title":{"rendered":"IZASLANSTVO UDRUGE NA KRANJ\u010cI\u0106EVU GROBU NA SPOMENDAN 2009."},"content":{"rendered":"<p><span style=\"color: #808080;\">Izaslanstvo Udruge za promicanje znamenitih Kri\u017eev\u010dana \u201eDr. Stjepan Kranj\u010di\u0107&#8221; predvo\u0111eno kri\u017eeva\u010dkim \u017eupnicima <strong>Kre\u0161imirom \u017dini\u0107em<\/strong> i <strong>Ivanom Novakom<\/strong> u na Veliki petak 10. travnja 2009., na dan 41. obljetnice smrti kri\u017eeva\u010dkoga \u017eupnika Stjepana Kranj\u010di\u0107a, pohodilo je Kranj\u010di\u0107ev grob na kri\u017eeva\u010dkome gradskom groblju.<!--more--><\/span><\/p>\n<p><span style=\"color: #808080;\">Tom su prigodom \u017eupnici predvodili prigodnu molitvu, izmoljena je molitva za otvorenje procesa za progla\u0161enje bla\u017eenim, polo\u017eeno je cvije\u0107e i upaljene su svije\u0107e.<\/span><\/p>\n<p>&nbsp;<\/p>\n<p>&nbsp;<\/p>\n","protected":false},"excerpt":{"rendered":"<p>Izaslanstvo Udruge za promicanje znamenitih Kri\u017eev\u010dana \u201eDr. Stjepan Kranj\u010di\u0107&#8221; predvo\u0111eno kri\u017eeva\u010dkim \u017eupnicima Kre\u0161imirom \u017dini\u0107em i Ivanom Novakom u na Veliki petak 10. travnja 2009., na dan 41. obljetnice smrti kri\u017eeva\u010dkoga \u017eupnika Stjepana Kranj\u010di\u0107a, pohodilo je Kranj\u010di\u0107ev grob na kri\u017eeva\u010dkome gradskom groblju.<\/p>\n","protected":false},"author":1,"featured_media":0,"comment_status":"closed","ping_status":"closed","sticky":false,"template":"","format":"standard","meta":{"footnotes":""},"categories":[22,35],"tags":[],"class_list":["post-2322","post","type-post","status-publish","format-standard","hentry","category-22","category-kranjcicevo"],"_links":{"self":[{"href":"https:\/\/kranjcic.hr\/index.php?rest_route=\/wp\/v2\/posts\/2322","targetHints":{"allow":["GET"]}}],"collection":[{"href":"https:\/\/kranjcic.hr\/index.php?rest_route=\/wp\/v2\/posts"}],"about":[{"href":"https:\/\/kranjcic.hr\/index.php?rest_route=\/wp\/v2\/types\/post"}],"author":[{"embeddable":true,"href":"https:\/\/kranjcic.hr\/index.php?rest_route=\/wp\/v2\/users\/1"}],"replies":[{"embeddable":true,"href":"https:\/\/kranjcic.hr\/index.php?rest_route=%2Fwp%2Fv2%2Fcomments&post=2322"}],"version-history":[{"count":1,"href":"https:\/\/kranjcic.hr\/index.php?rest_route=\/wp\/v2\/posts\/2322\/revisions"}],"predecessor-version":[{"id":3517,"href":"https:\/\/kranjcic.hr\/index.php?rest_route=\/wp\/v2\/posts\/2322\/revisions\/3517"}],"wp:attachment":[{"href":"https:\/\/kranjcic.hr\/index.php?rest_route=%2Fwp%2Fv2%2Fmedia&parent=2322"}],"wp:term":[{"taxonomy":"category","embeddable":true,"href":"https:\/\/kranjcic.hr\/index.php?rest_route=%2Fwp%2Fv2%2Fcategories&post=2322"},{"taxonomy":"post_tag","embeddable":true,"href":"https:\/\/kranjcic.hr\/index.php?rest_route=%2Fwp%2Fv2%2Ftags&post=2322"}],"curies":[{"name":"wp","href":"https:\/\/api.w.org\/{rel}","templated":true}]}}