{"id":2324,"date":"2009-04-08T21:00:09","date_gmt":"2009-04-08T21:00:09","guid":{"rendered":"https:\/\/udrugadrstjepankranjcic.wordpress.com\/?p=2324"},"modified":"2016-10-29T20:27:56","modified_gmt":"2016-10-29T20:27:56","slug":"predstavljen-zbornik-stjepan-kranjcic-zivot-i-djelo","status":"publish","type":"post","link":"https:\/\/kranjcic.hr\/?p=2324","title":{"rendered":"PREDSTAVLJEN ZBORNIK &#8220;STJEPAN KRANJ\u010cI\u0106 \u2013 \u017dIVOT I DJELO&#8221;"},"content":{"rendered":"<p><span style=\"color: #808080;\">Predstavljanje knjige \u201eStjepan Kranj\u010di\u0107 \u2013 \u017eivot i djelo&#8221; odr\u017eano je\u00a0u srijedu 8. travnja 2009. u 19 sati u Podrumskoj dvorani Hrvatskoga doma u Kri\u017eevcima.\u00a0O knjizi, koju u zajedni\u0161tvu objavljuju Udruga za promicanje znamenitih Kri\u017eev\u010dana \u201eDr. Stjepan Kranj\u010di\u0107&#8221; i \u201eGlas Koncila&#8221;, govorili su urednik izdanja pre\u010d. <strong>Ivan Mikleni\u0107<\/strong>, recenzent prof. dr. <strong>Miroslav Akmad\u017ea<\/strong>, predsjednica Udruge \u201eDr. Stjepan Kranj\u010di\u0107&#8221; mr. <strong>Tanja Baran<\/strong> i \u017eupnik \u017eupe sv. Ane u Kri\u017eevcima vl\u010d. <strong>Kre\u0161imir \u017dini\u0107<\/strong>.\u00a0<!--more--><\/span><\/p>\n<p><span style=\"color: #808080;\">Knjiga na oko 400 stranica, uz bogate fotografske doprinose, donosi iscrpan prikaz \u017eivota i djelovanja kri\u017eeva\u010dkoga \u017eupnika na glasu svetosti te okolnosti u kojima je djelovao. Rije\u010d je o zborniku od 12 radova, ponajvi\u0161e izvornih znanstvenih radova, sa znanstvenoga skupa koji je odr\u017ean 5. travnja 2008. godine uz otvorenje Godine dr. Stjepana Kranj\u010di\u0107a. U dodatku zborniku su i \u010detiri rada s okrugloga stola posve\u0107enoga dr. Kranj\u010di\u0107u odr\u017eanog 7. svibnja 2009. te jedan rad koji je javno predstavljen u Kri\u017eevcima 15. rujna 2008. godine.<\/span><\/p>\n<p><span style=\"color: #808080;\">\u017dupnik \u017dini\u0107 izrazio je zadovoljstvo i ponos zbog ukori\u010denoga djela u izradi kojega je sudjelovalo mnogo ljudi pa sve nije bilo lako koordinirati. Svima je izrazio zahvalu te podsjetio i na ranije pokojnom \u017eupniku posve\u0107ene sadr\u017eaje te najavio zavr\u0161nu sve\u010danost Godine dr. Stjepana Kranj\u010di\u0107a na Uskrsni ponedjeljak 13. travnja uz misu koju \u0107e u 10 sati predvoditi pomo\u0107ni zagreba\u010dki biskup mons. dr. Valentin Pozai\u0107 te uz premijeru dokumentarnoga fima \u201e\u017dupnik kri\u017eeva\u010dki\u201c autora mr. Marija Ragu\u017ea u 11 sati i 30 minuta u kri\u017eeva\u010dkom Hrvatskom domu.<\/span><\/p>\n<p><span style=\"color: #808080;\">Mr. Baran knjigu je nazvala Kranj\u010di\u0107evom Biblijom koju \u0107e se mo\u0107i nadopunjavati te o malim \u010dudima koja su se doga\u0111ala od dana Kranj\u010di\u0107eve smrti, do osnutka Udruge, preko znanstvenoga skupa na koji su se svi pozvani odazvali, svi do\u0161li i svi predali radove. \u201eDa bi Kranj\u010di\u0107 bio jednoga dana progla\u0161en bla\u017eenim, potrebno je pravo \u010dudo za koje treba moliti i izmoliti ga&#8221;,\u00a0istaknula je mr. Baran uputiv\u0161i okupljene na prije nekoliko mjeseci utemeljenu Molitvenu zajednicu &#8216;Dr. Stjepan Kranj\u010di\u0107&#8217; te potaknuv\u0161i na moljenje formulirane molitve za otvorenje procesa za progla\u0161enje bla\u017eenim Stjepana Kranj\u010di\u0107a. Zahvalila je svim pomaga\u010dima u realizaciji Godine dr. Stjepana Kranj\u010di\u0107a i uputila na budu\u0107e sadr\u017eaje Udruge.<\/span><\/p>\n<p><span style=\"color: #808080;\">Dr. Akmad\u017ea je istaknuo da knjiga progovara o sve\u0107eniku koji je bio vrhunski znanstvenik pa da mu je kao znanstveniku najprije bilo \u017eao \u0161to taj \u010dovjek nije nastavio sa znanstvenim radom, ve\u0107 se posvetio patoralu. \u201eAli da je ostao u znanosti, ostao bi jedan u nizu dobrih znanstvenika i mi danas ne bismo u rukama dr\u017eali ovu knjigu, niti bismo se okupljali oko Stjepana Kranj\u010di\u0107a koji je, o\u010dito je, bio poslan ljudima da bude s ljudima i me\u0111u ljudima&#8221;, istaknuo je dr. Akmad\u017ea rekav\u0161i da bi knjigu o Kranj\u010di\u0107u na svojoj polici trebao imati svaki sada\u0161nji i budu\u0107i sve\u0107enik. Kazao je da je u svojem znanstvenom radu od ranije susretao ime dr. Kranj\u010di\u0107a i da bi nakon budu\u0107ih istra\u017eivanja knjiga o Kranj\u010di\u0107evu \u017eivotu i djelovanju mogla biti jo\u0161 potpunija. Posebno va\u017enim dr. Akmad\u017ea je nazvao prikupljene uspomene Kranj\u010di\u0107evih suvremenika i svjedoka.<\/span><\/p>\n<p><span style=\"color: #808080;\">Pre\u010d. Mikleni\u0107 govorio je o nastanku zbornika, o ljudima koji su ga ostvarili te o temama koje su obra\u0111ene. Kazao je da zbornik prikazuje Kranj\u010di\u0107eve trenutke i okolnosti njegova djetinjstva, \u0161kolovanja, kapelanskoga sve\u0107eni\u010dkog djelovanja, djelovanja na Nadbiskupskom duhovnom stolu u Zagrebu, dvogodi\u0161njega progonstva u Hrvatskom Leskovcu te 16 kri\u017eeva\u010dkih godina. \u201eU zborniku je prikazan Kranj\u010di\u0107ev znanstveni rad, njegova otkrivena knji\u017eevnost, njegovo vjerou\u010diteljsko djelovanje, njegova duhovnost i glas svetosti, u knjizi se doznaje o njegovu odnosu sa suvremenicima, a posebno s kardinalom Alojzijem Stepincem, doznaje se o komunisti\u010dkim i ostalim dru\u0161tvenim okolnostima u kojima je \u017eivio i djelovao&#8221;, zaklju\u010dio je pre\u010d. Mikleni\u0107 izraziv\u0161i zadovoljstvo \u0161to je Glas Koncila nakladnik toj knjizi kao va\u017enom dokumentu ne samo kri\u017eeva\u010dke, ve\u0107 i hrvatske te katoli\u010dke pro\u0161losti.<\/span><\/p>\n<p><span style=\"color: #808080;\">Kroz program je naahnuto vodila nekada\u0161nja Kranj\u010di\u0107eva vjerou\u010denica mr. <strong>Renata Husinec<\/strong>, a u glazbenom je dijelu nastupio Zbor mladih kri\u017eeva\u010dkih \u017eupa.<\/span><\/p>\n\n\t\t<style type=\"text\/css\">\n\t\t\t#gallery-1 {\n\t\t\t\tmargin: auto;\n\t\t\t}\n\t\t\t#gallery-1 .gallery-item {\n\t\t\t\tfloat: left;\n\t\t\t\tmargin-top: 10px;\n\t\t\t\ttext-align: center;\n\t\t\t\twidth: 33%;\n\t\t\t}\n\t\t\t#gallery-1 img {\n\t\t\t\tborder: 2px solid #cfcfcf;\n\t\t\t}\n\t\t\t#gallery-1 .gallery-caption {\n\t\t\t\tmargin-left: 0;\n\t\t\t}\n\t\t\t\/* see gallery_shortcode() in wp-includes\/media.php *\/\n\t\t<\/style>\n\t\t<div id='gallery-1' class='gallery galleryid-2324 gallery-columns-3 gallery-size-medium'><dl class='gallery-item'>\n\t\t\t<dt class='gallery-icon portrait'>\n\t\t\t\t<a href='https:\/\/kranjcic.hr\/?attachment_id=862'><img loading=\"lazy\" decoding=\"async\" width=\"104\" height=\"150\" src=\"https:\/\/kranjcic.hr\/wp-content\/uploads\/2016\/05\/stjepan_kranjcic_zivot_i_djelo-207x300.jpg\" class=\"attachment-medium size-medium\" alt=\"stjepan_kranjcic_zivot_i_djelo\" aria-describedby=\"gallery-1-862\" srcset=\"https:\/\/kranjcic.hr\/wp-content\/uploads\/2016\/05\/stjepan_kranjcic_zivot_i_djelo-207x300.jpg 207w, https:\/\/kranjcic.hr\/wp-content\/uploads\/2016\/05\/stjepan_kranjcic_zivot_i_djelo.jpg 400w\" sizes=\"auto, (max-width: 104px) 100vw, 104px\" \/><\/a>\n\t\t\t<\/dt>\n\t\t\t\t<dd class='wp-caption-text gallery-caption' id='gallery-1-862'>\n\t\t\t\tStjepan Kranj\u010di\u0107 &#8211; \u017eivot i djelo, ur. Ivan Mikleni\u0107, 2009.\n\t\t\t\t<\/dd><\/dl>\n\t\t\t<br style='clear: both' \/>\n\t\t<\/div>\n\n<p>&nbsp;<\/p>\n<p>&nbsp;<\/p>\n","protected":false},"excerpt":{"rendered":"<p>Predstavljanje knjige \u201eStjepan Kranj\u010di\u0107 \u2013 \u017eivot i djelo&#8221; odr\u017eano je\u00a0u srijedu 8. travnja 2009. u 19 sati u Podrumskoj dvorani Hrvatskoga doma u Kri\u017eevcima.\u00a0O knjizi, koju u zajedni\u0161tvu objavljuju Udruga za promicanje znamenitih Kri\u017eev\u010dana \u201eDr. Stjepan Kranj\u010di\u0107&#8221; i \u201eGlas Koncila&#8221;, govorili su urednik izdanja pre\u010d. Ivan Mikleni\u0107, recenzent prof. dr.&hellip; <\/p>\n","protected":false},"author":1,"featured_media":0,"comment_status":"closed","ping_status":"closed","sticky":false,"template":"","format":"standard","meta":{"footnotes":""},"categories":[22,33,13],"tags":[],"class_list":["post-2324","post","type-post","status-publish","format-standard","hentry","category-22","category-godina-dr-stjepana-kranjcica","category-publikacije"],"_links":{"self":[{"href":"https:\/\/kranjcic.hr\/index.php?rest_route=\/wp\/v2\/posts\/2324","targetHints":{"allow":["GET"]}}],"collection":[{"href":"https:\/\/kranjcic.hr\/index.php?rest_route=\/wp\/v2\/posts"}],"about":[{"href":"https:\/\/kranjcic.hr\/index.php?rest_route=\/wp\/v2\/types\/post"}],"author":[{"embeddable":true,"href":"https:\/\/kranjcic.hr\/index.php?rest_route=\/wp\/v2\/users\/1"}],"replies":[{"embeddable":true,"href":"https:\/\/kranjcic.hr\/index.php?rest_route=%2Fwp%2Fv2%2Fcomments&post=2324"}],"version-history":[{"count":2,"href":"https:\/\/kranjcic.hr\/index.php?rest_route=\/wp\/v2\/posts\/2324\/revisions"}],"predecessor-version":[{"id":3518,"href":"https:\/\/kranjcic.hr\/index.php?rest_route=\/wp\/v2\/posts\/2324\/revisions\/3518"}],"wp:attachment":[{"href":"https:\/\/kranjcic.hr\/index.php?rest_route=%2Fwp%2Fv2%2Fmedia&parent=2324"}],"wp:term":[{"taxonomy":"category","embeddable":true,"href":"https:\/\/kranjcic.hr\/index.php?rest_route=%2Fwp%2Fv2%2Fcategories&post=2324"},{"taxonomy":"post_tag","embeddable":true,"href":"https:\/\/kranjcic.hr\/index.php?rest_route=%2Fwp%2Fv2%2Ftags&post=2324"}],"curies":[{"name":"wp","href":"https:\/\/api.w.org\/{rel}","templated":true}]}}