{"id":2330,"date":"2009-04-03T21:13:52","date_gmt":"2009-04-03T21:13:52","guid":{"rendered":"https:\/\/udrugadrstjepankranjcic.wordpress.com\/?p=2330"},"modified":"2016-10-29T20:28:40","modified_gmt":"2016-10-29T20:28:40","slug":"konferencija-za-novinare-u-povodu-zatvaranja-kranjciceve-godine","status":"publish","type":"post","link":"https:\/\/kranjcic.hr\/?p=2330","title":{"rendered":"KONFERENCIJA ZA NOVINARE U POVODU ZATVARANJA KRANJ\u010cI\u0106EVE GODINE"},"content":{"rendered":"<p><span style=\"color: #808080;\">U Maloj vije\u0107nici Gradskoga poglavarstva u Kri\u017eevcima u petak 3. travnja 2009. odr\u017eana je konferencija za novinare na kojoj je najavljen program zatvaranja Godine dr. Stjepana Kranj\u010di\u0107a.<!--more--><\/span><\/p>\n<p><span style=\"color: #808080;\">Istaknuto je da \u0107e Godina biti zavr\u0161ena dvjema sve\u010danostima 8. i 13. travnja 2009.<\/span><\/p>\n<p><span style=\"color: #808080;\">Sve\u010danim euharistijskim slavljem i promocijom dokumentarnoga filma \u201e\u017dupnik kri\u017eeva\u010dki&#8221; na Uskrsni ponedjeljak 13. travnja 2009. u Kri\u017eevcima \u0107e biti odr\u017eana zavr\u0161na sve\u010danost Godine organizirane u povodu 90. obljetnice Kranj\u010di\u0107eva ro\u0111enja i 40. godi\u0161njice njegove smrti (5. prosinca 1918. \u2013 10. travnja 1968.).\u00a0Misno \u0107e slavlje u 10 sati u \u017eupnoj crkvi BDM \u017dalosne i sv. Marka Kri\u017eev\u010danina u Koru\u0161koj predvoditi pomo\u0107ni zagreba\u010dki biskup mons. dr. <strong>Valentin Pozai\u0107<\/strong>. Nakon mise, u 11 i 30, u podrumskoj \u0107e dvorani Hrvatskoga doma premijerno biti prikazan film \u201e\u017dupnik kri\u017eeva\u010dki&#8221; scenarista i redatelja mr. <strong>Marija Ragu\u017ea<\/strong>. Rije\u010d je o 55-minutnom dokumentarnom filmu posve\u0107enom Stjepanu Kranj\u010di\u0107u koji je autor snimao godinu dana. Film obiluje svjedo\u010denjima Kranj\u010di\u0107evih suvremenika te izjavama znanstvenika koji su prou\u010davali Kranj\u010di\u0107ev \u017eivot i djelo, sa\u010duvanim fotografijama na kojima je dr. Kranj\u010di\u0107 te kadrovima s doga\u0111anja Godine dr. Stjepana Kranj\u010di\u0107a.\u00a0 U prigodnom programu nastupit \u0107e: kri\u017eeva\u010dki \u017eupnici vl\u010d. <strong>Kre\u0161imir \u017dini\u0107<\/strong> i vl\u010d. <strong>Ivan Novak<\/strong>, kri\u017eeva\u010dki gradona\u010delnik<strong> Branko Hrg<\/strong>, autor mr. <strong>Mario Ragu\u017e<\/strong>, spiker<strong> Tomislav Baran<\/strong>, Tambura\u0161ki orkestar Glazbene \u0161kole Alberta \u0160trige, HPD \u201eKalnik&#8221; Kri\u017eevci te Zbor mladih kri\u017eeva\u010dkih \u017eupa. Kroz program \u0107e voditi mr. <strong>Tanja Baran<\/strong>.<\/span><\/p>\n<p><span style=\"color: #808080;\">Pet dana ranije, u srijedu 8. travnja 2009. u Podrumskoj dvorani Hrvatskoga doma u 19 \u0107e sati biti odr\u017eano predstavljanje knjige \u201eStjepan Kranj\u010di\u0107 \u2013 \u017eivot i djelo&#8221;.\u00a0O knjizi, koju u zajedni\u0161tvu objavljuju Udruga za promicanje znamenitih Kri\u017eev\u010dana \u201eDr. Stjepan Kranj\u010di\u0107&#8221; i \u201eGlas Koncila&#8221;, govorit \u0107e: urednik izdanja pre\u010d. <strong>Ivan Mikleni\u0107<\/strong>, recenzent prof. dr. <strong>Miroslav Akmad\u017ea<\/strong>, predsjednica Udruge \u201eDr. Stjepan Kranj\u010di\u0107&#8221; mr. <strong>Tanja Baran<\/strong> i \u017eupnik \u017eupe sv. Ane u Kri\u017eevcima vl\u010d. <strong>Kre\u0161imir \u017dini\u0107<\/strong>. U glazbenom dijelu nastupit \u0107e Zbor mladih kri\u017eeva\u010dkih \u017eupa, a kroz program \u0107e voditi mr. <strong>Renata Husinec<\/strong>.<\/span><\/p>\n<p><span style=\"color: #808080;\">Knjiga na oko 400 stranica, uz bogate fotografske doprinose, donosi iscrpan prikaz \u017eivota i djelovanja kri\u017eeva\u010dkoga \u017eupnika na glasu svetosti te okolnosti u kojima je djelovao. Rije\u010d je o zborniku od 12 radova, ponajvi\u0161e izvornih znanstvenih radova, sa znanstvenoga skupa koji je odr\u017ean 5. travnja 2008. godine uz otvorenje Godine dr. Stjepana Kranj\u010di\u0107a. U dodatku zborniku su i \u010detiri rada s okrugloga stola posve\u0107enoga dr. Kranj\u010di\u0107u odr\u017eanog 7. svibnja 2008. te jedan rad koji je javno predstavljen u Kri\u017eevcima 15. rujna 2008. godine.<\/span><\/p>\n<p><span style=\"color: #808080;\">Godinu dr. Stjepana Kranj\u010di\u0107a u zajedni\u0161tvu su organizirali: Udruga za promicanje znamenitih Kri\u017eev\u010dana \u201eDr. Stjepan Kranj\u010di\u0107&#8221;, \u017dupa sv. Ane,\u00a0 \u017dupa BDM \u017dalosne i sv. Marka Kri\u017eev\u010danina te Grad Kri\u017eevci.<\/span><\/p>\n<p><span style=\"color: #808080;\">Dodatne informacije mogu se dobiti na brojevima mobitela: 091 6640 850, 098 315 475.<\/span><\/p>\n<p><span style=\"color: #808080;\">Zavr\u0161ne sve\u010danosti Godine dr. Stjepana Kranj\u010di\u0107a uz ocjenu cjelokupnoga programa Godine te planove za budu\u0107nost na konferenciji su predstavili: kri\u017eeva\u010dki gradona\u010delnik<strong> Branko Hrg<\/strong>, \u017eupnik kri\u017eeva\u010dke \u017eupe sv. Ane <strong>Kre\u0161imir \u017dini\u0107<\/strong> te predsjednica Udruge za promicanje znamenitih Kri\u017eev\u010dana \u201eDr. Stjepan Kranj\u010di\u0107&#8221;\u00a0<strong>Tanja Baran<\/strong>.<\/span><\/p>\n<p>&nbsp;<\/p>\n<p>&nbsp;<\/p>\n","protected":false},"excerpt":{"rendered":"<p>U Maloj vije\u0107nici Gradskoga poglavarstva u Kri\u017eevcima u petak 3. travnja 2009. odr\u017eana je konferencija za novinare na kojoj je najavljen program zatvaranja Godine dr. Stjepana Kranj\u010di\u0107a.<\/p>\n","protected":false},"author":1,"featured_media":0,"comment_status":"closed","ping_status":"closed","sticky":false,"template":"","format":"standard","meta":{"footnotes":""},"categories":[22,33],"tags":[],"class_list":["post-2330","post","type-post","status-publish","format-standard","hentry","category-22","category-godina-dr-stjepana-kranjcica"],"_links":{"self":[{"href":"https:\/\/kranjcic.hr\/index.php?rest_route=\/wp\/v2\/posts\/2330","targetHints":{"allow":["GET"]}}],"collection":[{"href":"https:\/\/kranjcic.hr\/index.php?rest_route=\/wp\/v2\/posts"}],"about":[{"href":"https:\/\/kranjcic.hr\/index.php?rest_route=\/wp\/v2\/types\/post"}],"author":[{"embeddable":true,"href":"https:\/\/kranjcic.hr\/index.php?rest_route=\/wp\/v2\/users\/1"}],"replies":[{"embeddable":true,"href":"https:\/\/kranjcic.hr\/index.php?rest_route=%2Fwp%2Fv2%2Fcomments&post=2330"}],"version-history":[{"count":1,"href":"https:\/\/kranjcic.hr\/index.php?rest_route=\/wp\/v2\/posts\/2330\/revisions"}],"predecessor-version":[{"id":3519,"href":"https:\/\/kranjcic.hr\/index.php?rest_route=\/wp\/v2\/posts\/2330\/revisions\/3519"}],"wp:attachment":[{"href":"https:\/\/kranjcic.hr\/index.php?rest_route=%2Fwp%2Fv2%2Fmedia&parent=2330"}],"wp:term":[{"taxonomy":"category","embeddable":true,"href":"https:\/\/kranjcic.hr\/index.php?rest_route=%2Fwp%2Fv2%2Fcategories&post=2330"},{"taxonomy":"post_tag","embeddable":true,"href":"https:\/\/kranjcic.hr\/index.php?rest_route=%2Fwp%2Fv2%2Ftags&post=2330"}],"curies":[{"name":"wp","href":"https:\/\/api.w.org\/{rel}","templated":true}]}}