{"id":234,"date":"2015-05-29T16:09:25","date_gmt":"2015-05-29T16:09:25","guid":{"rendered":"https:\/\/sveciiblazenici.wordpress.com\/?p=24"},"modified":"2015-05-29T16:09:25","modified_gmt":"2015-05-29T16:09:25","slug":"dan-hrvatskih-svetaca-i-blazenika-redovnika-i-redovnica-2-dan","status":"publish","type":"post","link":"https:\/\/kranjcic.hr\/?p=234","title":{"rendered":"DAN HRVATSKIH SVETACA I BLA\u017dENIKA REDOVNIKA I REDOVNICA (2. DAN)"},"content":{"rendered":"<p>Prigodnom prezentacijom i molitvenim sadr\u017eajima posve\u0107enima hrvatskim svecima i bla\u017eenicima redovnicima i redovnicama, euharistijskim slavljem koje je predvodio predsjednik Hrvatske konferencije vi\u0161ih redovni\u010dkih poglavara i poglavarica fra <strong><span style=\"color:#a18838;\">Jure \u0160ar\u010devi\u0107<\/span><\/strong> te okruglim stolom \u201eKako su hrvatski sveci i bla\u017eenici ostvarili svoju redovni\u010dku karizmu?\u201d, u Kri\u017eevcima su u petak 29. svibnja 2015. nastavljeni 7. Dani hrvatskih svetaca i bla\u017eenika.<!--more--><\/p>\n<h2><span style=\"color:#ff0000;\">Pretprogram i misno slavlje<\/span><\/h2>\n<p>Sve\u010danost je zapo\u010dela predstavljanjem \u017eivota i klju\u010dnih poruka hrvatskih svetaca i bla\u017eenika redovnika i redovnica koje je u crkvi sv. Ane uime Povjerenstva za trajnu formaciju HKVRPP-a izvela <span style=\"color:#a18838;\"><strong>s. Vianeja Kustura<\/strong><\/span>.<\/p>\n<p>Zatim je kapucinski provincijal i predsjednik Hrvatske konferencije vi\u0161ih redovni\u010dkih poglavara i poglavarica <strong><span style=\"color:#a18838;\">fra Jure \u0160ar\u010devi\u0107<\/span><\/strong> predvodio misno slavlje. Koncelebrirali su dominikanski provincijal <span style=\"color:#a18838;\"><strong>fr. Anto Gavri\u0107<\/strong><\/span>, provincijal franjevaca konventualaca <span style=\"color:#a18838;\"><strong>fra Josip Bla\u017eevi\u0107<\/strong><\/span>, ravnatelj Prve katoli\u010dke osnovne \u0161kole u Zagrebu karmeli\u0107anin <span style=\"color:#a18838;\"><strong>o. Vinko Mami\u0107<\/strong><\/span>, rektor Nacionalnog sveti\u0161ta sv. Nikole Taveli\u0107a u \u0160ibeniku <span style=\"color:#a18838;\"><strong>fra Ivan Bradari\u0107<\/strong><\/span>, promicatelj dominikanskih kauza <span style=\"color:#a18838;\"><strong>fr. Marijan Bi\u0161kup<\/strong><\/span>, izaslanik salezijanskog provincijala don Peje Orki\u0107a <span style=\"color:#a18838;\"><strong>don Milan Ivan\u010devi\u0107<\/strong><\/span>, v. d. ravnatelja i glavni urednik Glasa Koncila <span style=\"color:#a18838;\"><strong>mons. Ivan Mikleni\u0107<\/strong><\/span> te \u017eupnik kri\u017eeva\u010dke \u017eupe BDM \u017dalosne i sv. Marka Kri\u017eev\u010danina <strong><span style=\"color:#003366;\"><span style=\"color:#a18838;\">Dra\u017een Hladuvka<\/span><\/span><\/strong>.<\/p>\n<p>U propovijedi je fra Jure \u0160ar\u010devi\u0107 pohvalio ideju Dana hrvatskih svetaca i bla\u017eenika rekav\u0161i da takve ili sli\u010dne manifestacije u Hrvatskoj nema. Govorio je o daru redovnika i redovnica kao daru Crkvi u kontekstu Godine posve\u0107enoga \u017eivota koja je u tijeku. Potaknuo je okupljene i na nasljedovanje onih koji su \u017eivjeli sveto, a nisu progla\u0161eni bla\u017eenima i svetima. U tom je kontekstu podsjetio na \u017eivot i djelovanje kri\u017eeva\u010dkoga \u017eupnika Stjepana Kranj\u010di\u0107a rekav\u0161i da je iz svjedo\u010danstava ljudi o Kranj\u010di\u0107u koje je pro\u010ditao zaklju\u010dio da je Kranji\u0107 bio izniman sve\u0107enik, \u010dovjek sveta \u017eivota, nasljedovatelj bl. Alojzija Stepinca. Pro\u010ditao je dijelove iz svjedo\u010danstva o Kranj\u010di\u0107u redovnice Judite Tomljanovi\u0107 te je pro\u010ditao Kranj\u010di\u0107evu pjesmu \u201eZa\u0161to me pozvao Gospod?\u201d istaknuv\u0161i da iz nje izvire evan\u0111eoska poniznost sveca.<\/p>\n<p>Glazbeni obol misnome slavlju dao je Redovni\u010dki band aid.<\/p>\n<h2><span style=\"color:#ff0000;\">Okrugli stol u Hrvatskom domu<\/span><\/h2>\n<p>Zatim je u Hrvatskom domu odr\u017ean okrugli stol \u201eKako su hrvatski sveci i bla\u017eenici ostvarili svoju redovni\u010dku karizmu?\u201d. O sv. Nikoli Taveli\u0107u govorio je<span style=\"color:#a18838;\"> <strong>fra Ivan Bradari\u0107<\/strong><\/span>, o sv. Leopoldu Bogdanu Mandi\u0107u fra Jure \u0160ar\u010devi\u0107, o bl. Augustinu Ka\u017eoti\u0107u fr. Anto Gavri\u0107, o bl. Graciji iz Mula \u017eupnik iz zagreba\u010dkih \u0160estina Robert \u0160reter, o bl. Ozani Kotorskoj <span style=\"color:#a18838;\"><strong>s. Ivana Pavla Novina<\/strong><\/span>, o bl. Mariji od Propetog Isusa Petkovi\u0107 <span style=\"color:#a18838;\"><strong>s. Vianeja Kustura<\/strong><\/span> te o bl. Drinskim mu\u010denicama <span style=\"color:#a18838;\"><strong>s. Ozana Kraja\u010di\u0107<\/strong><\/span>. Moderator okrugloga stola bio je glavni urednik Glasa Koncila <span style=\"color:#a18838;\"><strong>mons. Ivan Mikleni\u0107<\/strong><\/span>, a u glazbenom je dijelu programa, uz korepeticiju <strong><span style=\"color:#a18838;\">Tonija Eterovi\u0107a<\/span><\/strong>, nastupila <span style=\"color:#a18838;\"><strong>\u017deljka Marinovi\u0107<\/strong><\/span>.<\/p>\n\n","protected":false},"excerpt":{"rendered":"<p>Prigodnom prezentacijom i molitvenim sadr\u017eajima posve\u0107enima hrvatskim svecima i bla\u017eenicima redovnicima i redovnicama, euharistijskim slavljem koje je predvodio predsjednik Hrvatske konferencije vi\u0161ih redovni\u010dkih poglavara i poglavarica fra Jure \u0160ar\u010devi\u0107 te okruglim stolom \u201eKako su hrvatski sveci i bla\u017eenici ostvarili svoju redovni\u010dku karizmu?\u201d, u Kri\u017eevcima su u petak 29. svibnja 2015.&hellip; <\/p>\n","protected":false},"author":1,"featured_media":0,"comment_status":"open","ping_status":"open","sticky":false,"template":"","format":"standard","meta":{"footnotes":""},"categories":[53,30,18],"tags":[],"class_list":["post-234","post","type-post","status-publish","format-standard","hentry","category-7-dani-hsib","category-dani-hrvatskih-svetaca-i-blazenika","category-zbivanja"],"_links":{"self":[{"href":"https:\/\/kranjcic.hr\/index.php?rest_route=\/wp\/v2\/posts\/234","targetHints":{"allow":["GET"]}}],"collection":[{"href":"https:\/\/kranjcic.hr\/index.php?rest_route=\/wp\/v2\/posts"}],"about":[{"href":"https:\/\/kranjcic.hr\/index.php?rest_route=\/wp\/v2\/types\/post"}],"author":[{"embeddable":true,"href":"https:\/\/kranjcic.hr\/index.php?rest_route=\/wp\/v2\/users\/1"}],"replies":[{"embeddable":true,"href":"https:\/\/kranjcic.hr\/index.php?rest_route=%2Fwp%2Fv2%2Fcomments&post=234"}],"version-history":[{"count":0,"href":"https:\/\/kranjcic.hr\/index.php?rest_route=\/wp\/v2\/posts\/234\/revisions"}],"wp:attachment":[{"href":"https:\/\/kranjcic.hr\/index.php?rest_route=%2Fwp%2Fv2%2Fmedia&parent=234"}],"wp:term":[{"taxonomy":"category","embeddable":true,"href":"https:\/\/kranjcic.hr\/index.php?rest_route=%2Fwp%2Fv2%2Fcategories&post=234"},{"taxonomy":"post_tag","embeddable":true,"href":"https:\/\/kranjcic.hr\/index.php?rest_route=%2Fwp%2Fv2%2Ftags&post=234"}],"curies":[{"name":"wp","href":"https:\/\/api.w.org\/{rel}","templated":true}]}}