{"id":235,"date":"2015-05-28T16:10:40","date_gmt":"2015-05-28T16:10:40","guid":{"rendered":"https:\/\/sveciiblazenici.wordpress.com\/?p=26"},"modified":"2015-05-28T16:10:40","modified_gmt":"2015-05-28T16:10:40","slug":"zapoceli-7-dani-hrvatskih-svetaca-i-blazenika-dan-bl-alojzija-stepinca","status":"publish","type":"post","link":"https:\/\/kranjcic.hr\/?p=235","title":{"rendered":"ZAPO\u010cELI 7. DANI HRVATSKIH SVETACA I BLA\u017dENIKA &#8211; DAN BL. ALOJZIJA STEPINCA"},"content":{"rendered":"<p>Molitvenim, knji\u017eevnim i glazbenim programom posve\u0107enim bl. Alojziju Stepincu, misnim slavljem koje je predvodio rektor nacionalnog sveti\u0161ta Majke Bo\u017eje Bistri\u010dke mons. Zlatko Koren te otvorenjem izlo\u017ebe portreta \u201eHrvatski sveci i bla\u017eenici u na\u0161em narodu\u201d akademskih slikara <strong><span style=\"color:#a18838;\">Josipa Botterija Dinija<\/span><\/strong>, <strong><span style=\"color:#a18838;\">Ana Marije Botteri Peruzovi\u0107<\/span> <\/strong>i <strong><span style=\"color:#a18838;\">Hrvoja Marka Peruzovi\u0107a<\/span><\/strong>, u Kri\u017eevcima su u \u010detvrtak 28. svibnja 2015. zapo\u010deli 7. Dani hrvatskih svetaca i bla\u017eenika.<!--more--><\/p>\n<h2><span style=\"color:#ff0000;\">O Stepincu Obiteljska zajednica kri\u017eeva\u010dkih \u017eupa<\/span><\/h2>\n<p>Sve\u010danost proslave bl. Alojzija Stepinca zapo\u010dela je u crkvi sv. Ane uvodnim pozdravima kri\u017eeva\u010dkoga \u017eupnika <span style=\"color:#a18838;\"><strong>Stjepana Sovi\u010deka<\/strong> <\/span>te bl. Stepincu posve\u0107enim pretprogramom koji je izvela Obiteljska zajednica kri\u017eeva\u010dkih \u017eupa. Euharistiju je u suslavlju s predsjednikom Hrvatske konferencije vi\u0161ih redovni\u010dkih poglavara i poglavarica fra <span style=\"color:#a18838;\"><strong>Jurom \u0160ar\u010devi\u0107em<\/strong><\/span>,\u00a0 rektorom Nacionalnog sveti\u0161ta sv. Josipa u Karlovcu mons. <span style=\"color:#a18838;\"><strong>Antunom Senteom<\/strong><\/span> ml., vrbove\u010dkim \u017eupnikom <span style=\"color:#a18838;\"><strong>Zoranom Grgi\u0107em<\/strong><\/span> i kri\u017eeva\u010dkim \u017eupnikom <span style=\"color:#a18838;\"><strong>Sovi\u010dekom<\/strong><\/span>, predvodio rektor nacionalnog sveti\u0161ta Majke Bo\u017eje Bistri\u010dke mons. <span style=\"color:#a18838;\"><strong>Zlatko Koren<\/strong><\/span>.<\/p>\n<p>U propovijedi je mons. Koren izrazio zadovoljstvo zbog odr\u017eavanja \u010detverodnevne manifestacije Dana hrvatskih svetaca i bla\u017eenika koji su, rekao je, odgovor na u\u010denje Crkve i prilika da na\u0161e svece \u010duvamo, \u0161tujemo, da nam budu uzor. Podsjetio je na komentar prije mnogo godina objavljen u \u201eVeritasu\u201d u kojem je autor napisao: \u201eU Hrvatskoj svetac na oltar, u Hrvatskoj svetac na odar\u201d, podsje\u0107aju\u0107i na to kako Hrvati redovito s veseljem i\u0161\u010dekuju beatifikacije i kanonizacije svojih svetih ljudi, a da ih poslije zaborave. \u017divot bl. Stepinca promatrao je kroz niz tragova, od njegove duhovne i kulturne ba\u0161tine vezane uz Kra\u0161i\u0107, Lepoglavu, Mariju Bistricu, zagreba\u010dku katedralu i Trsat. Posebno je puno govorio o Stepin\u010devu zalaganju za razvoj i oboga\u0107enje bistri\u010dkoga sveti\u0161ta te za njegovo zauzimanje oko mladih koji su, prema Stepin\u010devoj ideji, trebali Hrvatsku povesti u budu\u0107nost. Mons. Koren je podsjetio na Stepin\u010deva stremljenja prema nacionalnom, domoljubnom, o tome kako se znao odrediti prema svim zlima svojega vremena, ali ga je posebno predstavio s aspekta kulture i odgoja mladih.<\/p>\n<p>Glazbeni obol euharistijskom slavlju dala je klapa \u201eBistrica\u201d.<\/p>\n<h2><span style=\"color:#ff0000;\">Otvorenje izlo\u017ebe triju autora<\/span><\/h2>\n<p>Program je nastavljen u Gradskoj galeriji otvorenjem izlo\u017ebe \u201eHrvatski sveci i bla\u017eenici u na\u0161em narodu\u201d akademskih slikara <span style=\"color:#a18838;\"><strong>Josipa Botterija Dinija<\/strong><\/span>, <span style=\"color:#a18838;\"><strong>Ana Marije Botteri Peruzovi\u0107<\/strong><\/span> i <strong><span style=\"color:#a18838;\">Hrvoja Marka Peruzovi\u0107a<\/span><\/strong>. U sve\u010danosti su sudjelovali kri\u017eeva\u010dki gradona\u010delnik <span style=\"color:#a18838;\"><strong>Branko Hrg<\/strong><\/span>, koprivni\u010dko-kri\u017eeva\u010dki \u017eupan <span style=\"color:#a18838;\"><strong>Darko Koren<\/strong><\/span>, ravnatelj kri\u017eeva\u010dkoga Gradskog muzeja <span style=\"color:#a18838;\"><strong>Zoran Homen<\/strong><\/span>, direktorica Galerije hrvatske sakralne umjetnosti \u201eLaudato\u201d, koja je organizirala izlo\u017ebu, <span style=\"color:#a18838;\"><strong>Ksenija Abramovi\u0107<\/strong><\/span>, likovni kriti\u010dar <span style=\"color:#a18838;\"><strong>Stanko \u0160poljari\u0107<\/strong><\/span> te sami autori. Izlo\u017ebu je otvorio mons. <strong><span style=\"color:#a18838;\">Zlatko Koren<\/span><\/strong>. Glazbeni obol sve\u010danosti dala je klapa \u201eBistrica\u201d te prigodnim stihovima o svetosti glumac <span style=\"color:#a18838;\"><strong>Dubravko Sidor<\/strong><\/span>. Kroz program je uime organizatora 7. Dana hrvatskih svetaca i bla\u017eenika Udruge za promicanje znamenitih Kri\u017eev\u010dana \u201eDr. Stjepan Kranj\u010di\u0107\u201d te kri\u017eeva\u010dkih \u017eupa sv. Ane te BDM \u017dalosne i sv. Marka Kri\u017eev\u010danina vodila <span style=\"color:#a18838;\"><strong>Tanja Baran<\/strong><\/span>. Sve\u010danosti otvorenja izlo\u017ebe pridru\u017eio se i bjelovarsko-kri\u017eeva\u010dki biskup mons. <span style=\"color:#a18838;\"><strong>Vjekoslav Huzjak<\/strong><\/span>.<\/p>\n<p>Izlo\u017ebu, koja \u0107e biti otvorena do 15. lipnja, prati sadr\u017eajan katalog u kojem je estetsku analizu napisao likovni kriti\u010dar <span style=\"color:#a18838;\"><strong>Stanko \u0160poljari\u0107<\/strong><\/span>. U njemu je objavljen i popis svih hrvatskih svetaca i bla\u017eenika te slugu i slu\u017ebenica Bo\u017ejih te su prikazani portreti svih na\u0161ih progla\u0161enih duhovnih velikana. Nakon zatvaranja izlo\u017ebe u Kri\u017eevcima, ta ista izlo\u017eba bit \u0107e otvorena uo\u010di blagdana bl. Augustina Ka\u017eoti\u0107a 31. srpnja u Gradskom muzeju u bla\u017eenikovu rodnom Trogiru, uz Redovni\u010dke dane 18. rujna u galeriji \u201eVinko Draganja OP\u201d dominikanskoga samostana u Splitu, te na blagdan Beata Angelica 18. velja\u010de 2016. u samostanu i \u017eupi bl. Augustina Ka\u017eoti\u0107a na zagreba\u010dkoj Pe\u0161\u010denici.<\/p>\n\n","protected":false},"excerpt":{"rendered":"<p>Molitvenim, knji\u017eevnim i glazbenim programom posve\u0107enim bl. Alojziju Stepincu, misnim slavljem koje je predvodio rektor nacionalnog sveti\u0161ta Majke Bo\u017eje Bistri\u010dke mons. Zlatko Koren te otvorenjem izlo\u017ebe portreta \u201eHrvatski sveci i bla\u017eenici u na\u0161em narodu\u201d akademskih slikara Josipa Botterija Dinija, Ana Marije Botteri Peruzovi\u0107 i Hrvoja Marka Peruzovi\u0107a, u Kri\u017eevcima su&hellip; <\/p>\n","protected":false},"author":1,"featured_media":0,"comment_status":"open","ping_status":"open","sticky":false,"template":"","format":"standard","meta":{"footnotes":""},"categories":[28,53,30,18],"tags":[],"class_list":["post-235","post","type-post","status-publish","format-standard","hentry","category-28","category-7-dani-hsib","category-dani-hrvatskih-svetaca-i-blazenika","category-zbivanja"],"_links":{"self":[{"href":"https:\/\/kranjcic.hr\/index.php?rest_route=\/wp\/v2\/posts\/235","targetHints":{"allow":["GET"]}}],"collection":[{"href":"https:\/\/kranjcic.hr\/index.php?rest_route=\/wp\/v2\/posts"}],"about":[{"href":"https:\/\/kranjcic.hr\/index.php?rest_route=\/wp\/v2\/types\/post"}],"author":[{"embeddable":true,"href":"https:\/\/kranjcic.hr\/index.php?rest_route=\/wp\/v2\/users\/1"}],"replies":[{"embeddable":true,"href":"https:\/\/kranjcic.hr\/index.php?rest_route=%2Fwp%2Fv2%2Fcomments&post=235"}],"version-history":[{"count":0,"href":"https:\/\/kranjcic.hr\/index.php?rest_route=\/wp\/v2\/posts\/235\/revisions"}],"wp:attachment":[{"href":"https:\/\/kranjcic.hr\/index.php?rest_route=%2Fwp%2Fv2%2Fmedia&parent=235"}],"wp:term":[{"taxonomy":"category","embeddable":true,"href":"https:\/\/kranjcic.hr\/index.php?rest_route=%2Fwp%2Fv2%2Fcategories&post=235"},{"taxonomy":"post_tag","embeddable":true,"href":"https:\/\/kranjcic.hr\/index.php?rest_route=%2Fwp%2Fv2%2Ftags&post=235"}],"curies":[{"name":"wp","href":"https:\/\/api.w.org\/{rel}","templated":true}]}}