{"id":2413,"date":"2008-12-19T18:02:34","date_gmt":"2008-12-19T18:02:34","guid":{"rendered":"https:\/\/udrugadrstjepankranjcic.wordpress.com\/?p=2413"},"modified":"2016-10-29T19:34:10","modified_gmt":"2016-10-29T19:34:10","slug":"kranjcicevi-poticaji-vlaste-klicek-i-zorana-homena","status":"publish","type":"post","link":"https:\/\/kranjcic.hr\/?p=2413","title":{"rendered":"KRANJ\u010cI\u0106EVI POTICAJI VLASTE KLI\u010cEK I ZORANA HOMENA"},"content":{"rendered":"<p><span style=\"color: #808080;\">U emisiji Radio Marije Poticaji Stjepana Kranj\u010di\u0107a u \u010detvrtak 19. prosinca 2008. gostovali su: Kranj\u010di\u0107eva vjerou\u010denica <strong>Vlasta Kli\u010dek<\/strong>, sada direktorica Turisti\u010dke zajednice Kri\u017eevci i autor hiperrealisti\u010dne slike s likom Stjepana Kranj\u010di\u0107a <strong>Zorana Homen<\/strong>, ina\u010de ravnatelj Gradskog muzeja Kri\u017eevci i poznati hrvatski slikar hiperrealist.<!--more--><\/span><\/p>\n<p><span style=\"color: #808080;\">Vlasta Kli\u010dek govorila je o svojem do\u017eivljaju Stjepana Kranj\u010di\u0107a nekad i danas isti\u010du\u0107i da je Kranj\u010di\u0107 odisao blago\u0161\u0107u i revno\u0161\u0107u u pastoralu, pripovijedala je o svojim susretima sa \u017eupnikom, o njegovom prelijepom odnosu prema djeci. Homen je pojasnio s kojim se te\u0161ko\u0107ama susreo kada je trebao slikati Kranj\u010di\u0107a jer ga osobno nije poznavao, a sve postoje\u0107e fotografije nisu bile dovoljno kvalitetne da bi se Kranj\u010di\u0107 mogao naslikati u punom hiperrealizmu.<\/span><\/p>\n<p><span style=\"color: #808080;\">U jednosatnom radijskom susretu ispripovijedano je o sadr\u017eajnim i lijepo posje\u0107enim proslavama 90. obljetnice Kranj\u010di\u0107eva ro\u0111enja u njegovu rodnom Petrijancu i Kri\u017eevcima te su najavljeni Dani hrvatskih svetaca i bla\u017eenika koji \u0107e krajem sije\u010dnja 2009. biti odr\u017eani u Kri\u017eevcima.<\/span><\/p>\n<p><span style=\"color: #808080;\">Vlasta Kli\u010dek i Zoran Homen na kraju emisije izrazili su zadovoljstvo \u0161to Kri\u017eevci imaju kanoniziranoga sveca, jedinoga sveca Zagreba\u010dke nadbiskupije Marka Kri\u017eev\u010danina, i \u0161to imaju sve\u0107enika na glasu svetosti Stjepana Kranj\u010di\u0107a za kojega se nadaju da \u0107e jednoga dana tako\u0111er i kanonski biti progla\u0161en bla\u017eenim pa svetim.<\/span><\/p>\n<p>&nbsp;<\/p>\n","protected":false},"excerpt":{"rendered":"<p>U emisiji Radio Marije Poticaji Stjepana Kranj\u010di\u0107a u \u010detvrtak 19. prosinca 2008. gostovali su: Kranj\u010di\u0107eva vjerou\u010denica Vlasta Kli\u010dek, sada direktorica Turisti\u010dke zajednice Kri\u017eevci i autor hiperrealisti\u010dne slike s likom Stjepana Kranj\u010di\u0107a Zorana Homen, ina\u010de ravnatelj Gradskog muzeja Kri\u017eevci i poznati hrvatski slikar hiperrealist.<\/p>\n","protected":false},"author":1,"featured_media":0,"comment_status":"closed","ping_status":"closed","sticky":false,"template":"","format":"standard","meta":{"footnotes":""},"categories":[21,11],"tags":[],"class_list":["post-2413","post","type-post","status-publish","format-standard","hentry","category-21","category-poticaji-stjepana-kranjcica"],"_links":{"self":[{"href":"https:\/\/kranjcic.hr\/index.php?rest_route=\/wp\/v2\/posts\/2413","targetHints":{"allow":["GET"]}}],"collection":[{"href":"https:\/\/kranjcic.hr\/index.php?rest_route=\/wp\/v2\/posts"}],"about":[{"href":"https:\/\/kranjcic.hr\/index.php?rest_route=\/wp\/v2\/types\/post"}],"author":[{"embeddable":true,"href":"https:\/\/kranjcic.hr\/index.php?rest_route=\/wp\/v2\/users\/1"}],"replies":[{"embeddable":true,"href":"https:\/\/kranjcic.hr\/index.php?rest_route=%2Fwp%2Fv2%2Fcomments&post=2413"}],"version-history":[{"count":2,"href":"https:\/\/kranjcic.hr\/index.php?rest_route=\/wp\/v2\/posts\/2413\/revisions"}],"predecessor-version":[{"id":3435,"href":"https:\/\/kranjcic.hr\/index.php?rest_route=\/wp\/v2\/posts\/2413\/revisions\/3435"}],"wp:attachment":[{"href":"https:\/\/kranjcic.hr\/index.php?rest_route=%2Fwp%2Fv2%2Fmedia&parent=2413"}],"wp:term":[{"taxonomy":"category","embeddable":true,"href":"https:\/\/kranjcic.hr\/index.php?rest_route=%2Fwp%2Fv2%2Fcategories&post=2413"},{"taxonomy":"post_tag","embeddable":true,"href":"https:\/\/kranjcic.hr\/index.php?rest_route=%2Fwp%2Fv2%2Ftags&post=2413"}],"curies":[{"name":"wp","href":"https:\/\/api.w.org\/{rel}","templated":true}]}}