{"id":2434,"date":"2008-12-05T18:17:44","date_gmt":"2008-12-05T18:17:44","guid":{"rendered":"https:\/\/udrugadrstjepankranjcic.wordpress.com\/?p=2434"},"modified":"2016-10-29T19:39:04","modified_gmt":"2016-10-29T19:39:04","slug":"proslavljena-90-obljetnica-kranjciceva-rodenja","status":"publish","type":"post","link":"https:\/\/kranjcic.hr\/?p=2434","title":{"rendered":"PROSLAVLJENA 90. OBLJETNICA KRANJ\u010cI\u0106EVA RO\u0110ENJA"},"content":{"rendered":"<p><span style=\"color: #808080;\">Na dan 90. obljetnice ro\u0111enja kri\u017eeva\u010dkoga \u017eupnika na glasu svetosti dr. Stjepana Kranj\u010di\u0107a u petak 5. prosinca u Kranj\u010di\u0107evu rodnom Petrijancu sve\u010danim je misnim slavljem te predstavljanjem Kranj\u010di\u0107u posve\u0107enih knji\u017eevnih djela odr\u017eana prigodna obljetni\u010dka sve\u010danost.<\/span><!--more--><\/p>\n<h4><span style=\"color: #63c6ae;\">Misno slavlje<\/span><\/h4>\n<p><span style=\"color: #808080;\">Euharistiju je u koncelebraciji s deset sve\u0107enika, me\u0111u kojima su bili doma\u0107i petrijane\u010dki \u017eupnik <strong>Ivan Saka\u010d<\/strong> te kri\u017eeva\u010dki \u017eupnici <strong>Kre\u0161imir \u017dini\u0107<\/strong> i <strong>Ivan Novak<\/strong>, u petrijane\u010dkoj \u017eupi sv. Petra i Pavla predvodio pomo\u0107ni zagreba\u010dki biskup <strong>Vlado Ko\u0161i\u0107<\/strong>. Uvodne je rije\u010di, pozdravljaju\u0107i petrijane\u010dke i kri\u017eeva\u010dke civilne vlasti predvo\u0111ene petrijane\u010dkim na\u010delnikom <strong>Vladimirom Kure\u010di\u0107em<\/strong> i kri\u017eeva\u010dkim gradona\u010delnikom <strong>Brankom Hrgom<\/strong>, doma\u0107e vjernike te oko 150 hodo\u010dasnika iz Kri\u017eevaca, uputio \u017eupnik Saka\u010d isti\u010du\u0107i da je mali petrijane\u010dki dje\u010dak Stjepan postao veliki \u010dovjek kojim se Petrijan\u010dani mogu ponositi.<\/span><\/p>\n<p><span style=\"color: #808080;\">Biskup Ko\u0161i\u0107 u uvodnom pozdravu izrazio je zadovoljstvo \u0161to se na proslavi Kranj\u010di\u0107eve okrugle obljetnice okupilo puno sve\u0107enika i vjernika. Rekao je da je od tridesetak sve\u0107enika koliko ih je poteklo iz Petrijanca, a i sam je jedan od njih, Stjepan svojim \u017eivotom i djelovanjem zaslu\u017eio glas svetosti u Kri\u017eevcima. U propovijedi je detaljno ispripovijedao o Stjepanovu kratkom, a sadr\u017eajnom \u017eivotnom putu koji se ugasio rano, u pedesetoj godini \u017eivota nakon druge operacije tumora na mozgu u jednom rimskoj poliklinici. Podsjetio je da su Stjepana rodili Mara, djevoja\u010dki Papec i Josip Kranj\u010di\u0107, da je Stjepan bio najmla\u0111e deseto dijete i da mu je majka umrla dok je imao samo sedam mjeseci. Vjerojatno je zbog tako velikoga gubitka u najranijoj \u017eivotnoj dobi Stjepanu bio posebno va\u017ean stariji brat sve\u0107enik Matija Kranj\u010di\u0107, ozaljski \u017eupnik kod kojega je Stjepan i slu\u017eio mladu misu, rekao je biskup Ko\u0161i\u0107 podsjetiv\u0161i na to da su Matiju kasnije ubili komunisti i da se ni ne zna gdje mu je grob.<\/span><\/p>\n<p><span style=\"color: #808080;\">Biskup je govorio i o Kranj\u010di\u0107evu tajni\u010dkom slu\u017eenju na Nadbiskupskom duhovnom stolu, o njegovu \u010dvrstom i nepokolebljivom stajanju uz nadbiskupa Stepinca, o Stjepanovu progonu iz Zagreba, djelovanju u Hrvatskom Leskovcu i Rakovu Potoku gdje pomagao tada\u0161njem \u017eupniku Franji Kuhari\u0107u, o Kranj\u010di\u0107evu doktoratu kanonskoga prava te dolasku u Kri\u017eevce i njegovu kreposnom kri\u017eeva\u010dkom \u017eivotu u svih 16 godina do smrti. Na pitanje \u0161to je Kranj\u010di\u0107u davalo snagu da u onim olovnim komunisti\u010dkim vremenima ustraje u gradu sv. Marka Kri\u017eev\u010danina biskup je odgovorio da je snagu crpio iz euharistije i potpunoga predanja Bogu. \u201eKranj\u010di\u0107 je bio \u017eeljeznoga karaktera, nije se dao zastra\u0161iti, maksimalno je uspijevao u svojem pastoralnom radu unato\u010d onda\u0161njoj za vjeru nepovoljnoj atmosferi. Usudio se voditi procesije s Presvetim po gradu sa \u017eeljom da se dru\u0161tvo pro\u017eme evan\u0111eljem i da vjera ne bude zatvorena samo u \u010detiri zida. Zbog svega su mu ljudi zahvalni, zato mu 40 godina na grob nose cvije\u0107e i svije\u0107e i mole mu se kao svecu&#8221;, istaknuo je biskup Ko\u0161i\u0107 rekav\u0161i da se Kranj\u010di\u0107u svi mo\u017eemo ute\u0107i u zagovor. \u201ePosebno mu se mo\u017eemo zagovoriti da kao pokojni sve\u0107enik izmoli vi\u0161e duhovnih zvanja i da po njegovu zagovoru budemo svjesni svoje osobne vjere koje se Kranj\u010di\u0107, makar je bio ugnjetavan pa je trpio, nije odrekao&#8221;, zavr\u0161io je biskup Ko\u0161i\u0107 isti\u010du\u0107i da je Kranj\u010di\u0107 svijetli lik kojemu se preporu\u010dujemo i kojega preporu\u010dujemo Bo\u017ejem milosr\u0111u.<\/span><\/p>\n<h4><span style=\"color: #63c6ae;\">Predstavljanje knjiga<\/span><\/h4>\n<p><span style=\"color: #808080;\">Nakon mise u posebno lijepoj i emocionalnoj atmosferi, \u00a0predstavljena je bojanka \u201e\u017dupnik tje\u0161itelj&#8221; i slikovnica \u201eMolitva od 10 kilometara&#8221; autorice <strong>SonjeTomi\u0107<\/strong>, pripovijetka \u201eU no\u0107i&#8221; <strong>Stjepana Tomi\u0107a<\/strong> te DVD s animacijom slikovnice i pripovijetke.<\/span><\/p>\n<p><span style=\"color: #808080;\">O tim izdanjima koja su nastala na temelju pedesetak dosad prikupljenih svjedo\u010danstava o \u017eupniku Kranj\u010di\u0107u uz autore je uime nakladnika Glasa Koncila govorio direktor <strong>Nedjeljko Pintari\u0107<\/strong>, a uime izdava\u010da Udruge za promicanje znamenitih Kri\u017eev\u010dana \u201eDr. Stjepan Kranj\u010di\u0107&#8221; o izdanjima te o ostalim sadr\u017eajima Godine Stjepana Kranj\u010di\u0107a koja je u tijeku govorio je urednik knjige kri\u017eeva\u010dki \u017eupnik <strong>Kre\u0161imir \u017dini\u0107<\/strong>. Ulomke je iz djela \u010ditao spiker <strong>Tomislav Baran<\/strong>, a prigodni su ske\u010d s detaljima iz \u017eupnikova \u017eivota izveli \u201eIsusovi u\u010denici&#8221;, skupina djece iz kri\u017eeva\u010dke osnovne \u0161kole Ljudevita Modeca predvo\u0111eni vjerou\u010diteljicom <strong>Valentinom Palo\u0161ikom<\/strong>. U\u00a0glazbenom je dijelu nastupio \u017eupni zbor mladih iz Petrijanca koji su otpjevali dvije Stjepanu Kranj\u010di\u0107u posve\u0107ene pjesme. Kranj\u010di\u0107ev suvremenik i svjedok <strong>\u017deljko \u0160tubelj<\/strong> pro\u010ditao je svoje do\u017eivljaj \u00a0\u017eupnika Kranj\u010di\u0107a vezano uz Kranj\u010di\u0107evu duboku marijansku pobo\u017enost te uz Lurd odakle je \u0160tubelj donio svije\u0107u koja je gorjela tijekom mise, a koja \u0107e dogorjeti na zatvaranju Godine Stjepana Kranj\u010di\u0107a u Kri\u017eevcima u travnju sljede\u0107e godine.<\/span><\/p>\n<p>&nbsp;<\/p>\n\n<p>&nbsp;<\/p>\n<p>&nbsp;<\/p>\n","protected":false},"excerpt":{"rendered":"<p>Na dan 90. obljetnice ro\u0111enja kri\u017eeva\u010dkoga \u017eupnika na glasu svetosti dr. Stjepana Kranj\u010di\u0107a u petak 5. prosinca u Kranj\u010di\u0107evu rodnom Petrijancu sve\u010danim je misnim slavljem te predstavljanjem Kranj\u010di\u0107u posve\u0107enih knji\u017eevnih djela odr\u017eana prigodna obljetni\u010dka sve\u010danost.<\/p>\n","protected":false},"author":1,"featured_media":0,"comment_status":"closed","ping_status":"closed","sticky":false,"template":"","format":"standard","meta":{"footnotes":""},"categories":[21],"tags":[],"class_list":["post-2434","post","type-post","status-publish","format-standard","hentry","category-21"],"_links":{"self":[{"href":"https:\/\/kranjcic.hr\/index.php?rest_route=\/wp\/v2\/posts\/2434","targetHints":{"allow":["GET"]}}],"collection":[{"href":"https:\/\/kranjcic.hr\/index.php?rest_route=\/wp\/v2\/posts"}],"about":[{"href":"https:\/\/kranjcic.hr\/index.php?rest_route=\/wp\/v2\/types\/post"}],"author":[{"embeddable":true,"href":"https:\/\/kranjcic.hr\/index.php?rest_route=\/wp\/v2\/users\/1"}],"replies":[{"embeddable":true,"href":"https:\/\/kranjcic.hr\/index.php?rest_route=%2Fwp%2Fv2%2Fcomments&post=2434"}],"version-history":[{"count":2,"href":"https:\/\/kranjcic.hr\/index.php?rest_route=\/wp\/v2\/posts\/2434\/revisions"}],"predecessor-version":[{"id":3443,"href":"https:\/\/kranjcic.hr\/index.php?rest_route=\/wp\/v2\/posts\/2434\/revisions\/3443"}],"wp:attachment":[{"href":"https:\/\/kranjcic.hr\/index.php?rest_route=%2Fwp%2Fv2%2Fmedia&parent=2434"}],"wp:term":[{"taxonomy":"category","embeddable":true,"href":"https:\/\/kranjcic.hr\/index.php?rest_route=%2Fwp%2Fv2%2Fcategories&post=2434"},{"taxonomy":"post_tag","embeddable":true,"href":"https:\/\/kranjcic.hr\/index.php?rest_route=%2Fwp%2Fv2%2Ftags&post=2434"}],"curies":[{"name":"wp","href":"https:\/\/api.w.org\/{rel}","templated":true}]}}