{"id":2476,"date":"2008-11-20T18:53:58","date_gmt":"2008-11-20T18:53:58","guid":{"rendered":"https:\/\/udrugadrstjepankranjcic.wordpress.com\/?p=2476"},"modified":"2016-10-29T19:41:02","modified_gmt":"2016-10-29T19:41:02","slug":"ksenija-abramovic-i-galerija-laudato-u-poticajima-stjepana-kranjcica","status":"publish","type":"post","link":"https:\/\/kranjcic.hr\/?p=2476","title":{"rendered":"KSENIJA ABRAMOVI\u0106 I GALERIJA &#8220;LAUDATO&#8221; U &#8220;POTICAJIMA STJEPANA KRANJ\u010cI\u0106A&#8221;"},"content":{"rendered":"<p><span style=\"color: #808080;\">Uo\u010di aukcije slika umjetni\u010dkih djela koja su stvorena na Likovnoj koloniji \u201eDr. Stjepan Kranj\u010di\u0107&#8221; 13. i 14. rujna 2008. u Kri\u017eevcima, u emisiji \u201ePoticaji Stjepana Kranj\u010di\u0107a&#8221; u \u010detvrtak 20. studenoga 2008. na Radio Mariji gostovala je g\u0111a <strong>Ksenija Abramovi\u0107<\/strong>, direktorica Sakralne galerije hrvatskih umjetnika \u201eLaudato&#8221; koja je predvodila likovnu koloniju.<!--more--><\/span><\/p>\n<p><span style=\"color: #808080;\">G\u0111a Abramovi\u0107 je govorila o brojnim slikarima koji su se ugodno osje\u0107ali u kri\u017eeva\u010dkom okru\u017eju te o djelima koja su stvorili. Za\u017eeljela je puno uspjeha na aukciji, koja \u0107e biti odr\u017eana u hotelu \u201eKalnik&#8221; u Kri\u017eevcima u petak 28. rujna 2008. te izrazila nadu da \u0107e u Kri\u017eevcima ubrzo po\u010deti izgradnja sveti\u0161ta sv. Marka Kri\u017eev\u010danina u \u010diju korist \u0107e i\u0107i sav prikupljeni prihod.<\/span><\/p>\n<p><span style=\"color: #808080;\">Zatim je pripovijedala o svojem do\u017eivljaju dr. Kranj\u010di\u0107a te o motivima galerije \u201eLaudato&#8221; da potpoma\u017ee rad Udruge za promicanje znamenitih Kri\u017eev\u010dana \u201eDr. Stjepan Kranj\u010di\u0107&#8221;. Govorila je i drugim projektima galerije \u201eLaudato&#8221;, posebno o medalji prvoga hrvatskog sveca Nikole Tavili\u0107a autora <strong>Damira Matau\u0161i\u0107a<\/strong> te o zavr\u0161etku izgradnje zvonika sveti\u0161ta sv. Antuna Padovanskoga na Svetome Duhu.<\/span><\/p>\n<p><span style=\"color: #808080;\">U emisiju se telefonski uklju\u010dio i vl\u010d.<strong> Ivan Saka\u010d<\/strong>, \u017eupnik iz Petrijanca koji je najavio program proslave 90. obljetnice Kranj\u010di\u0107eva ro\u0111enja u njegovu rodnom mjestu u petak 5. prosinca 2008. Tako\u0111er telefonom u emisiji je gostovao i kri\u017eeva\u010dki \u017eupnik vl\u010d. <strong>Kre\u0161imir \u017dini\u0107<\/strong> koji je najavio kri\u017eeva\u010dku proslavu 90. obljetnice Kranj\u010di\u0107eva ro\u0111enja u subotu 6. prosinca 2008. blagoslovom biste dr. Kranj\u010di\u0107u autorice <strong>Mirjane Drempeti\u0107-Han\u017ei\u0107-Smoli\u0107<\/strong>, euharistijskim slavljem te koncertom popularne duhovne glazbe \u201eSvetom Marku Kri\u017eev\u010daninu u \u010dast&#8221;.<\/span><\/p>\n<p>&nbsp;<\/p>\n","protected":false},"excerpt":{"rendered":"<p>Uo\u010di aukcije slika umjetni\u010dkih djela koja su stvorena na Likovnoj koloniji \u201eDr. Stjepan Kranj\u010di\u0107&#8221; 13. i 14. rujna 2008. u Kri\u017eevcima, u emisiji \u201ePoticaji Stjepana Kranj\u010di\u0107a&#8221; u \u010detvrtak 20. studenoga 2008. na Radio Mariji gostovala je g\u0111a Ksenija Abramovi\u0107, direktorica Sakralne galerije hrvatskih umjetnika \u201eLaudato&#8221; koja je predvodila likovnu koloniju.<\/p>\n","protected":false},"author":1,"featured_media":0,"comment_status":"closed","ping_status":"closed","sticky":false,"template":"","format":"standard","meta":{"footnotes":""},"categories":[21,11],"tags":[],"class_list":["post-2476","post","type-post","status-publish","format-standard","hentry","category-21","category-poticaji-stjepana-kranjcica"],"_links":{"self":[{"href":"https:\/\/kranjcic.hr\/index.php?rest_route=\/wp\/v2\/posts\/2476","targetHints":{"allow":["GET"]}}],"collection":[{"href":"https:\/\/kranjcic.hr\/index.php?rest_route=\/wp\/v2\/posts"}],"about":[{"href":"https:\/\/kranjcic.hr\/index.php?rest_route=\/wp\/v2\/types\/post"}],"author":[{"embeddable":true,"href":"https:\/\/kranjcic.hr\/index.php?rest_route=\/wp\/v2\/users\/1"}],"replies":[{"embeddable":true,"href":"https:\/\/kranjcic.hr\/index.php?rest_route=%2Fwp%2Fv2%2Fcomments&post=2476"}],"version-history":[{"count":1,"href":"https:\/\/kranjcic.hr\/index.php?rest_route=\/wp\/v2\/posts\/2476\/revisions"}],"predecessor-version":[{"id":3445,"href":"https:\/\/kranjcic.hr\/index.php?rest_route=\/wp\/v2\/posts\/2476\/revisions\/3445"}],"wp:attachment":[{"href":"https:\/\/kranjcic.hr\/index.php?rest_route=%2Fwp%2Fv2%2Fmedia&parent=2476"}],"wp:term":[{"taxonomy":"category","embeddable":true,"href":"https:\/\/kranjcic.hr\/index.php?rest_route=%2Fwp%2Fv2%2Fcategories&post=2476"},{"taxonomy":"post_tag","embeddable":true,"href":"https:\/\/kranjcic.hr\/index.php?rest_route=%2Fwp%2Fv2%2Ftags&post=2476"}],"curies":[{"name":"wp","href":"https:\/\/api.w.org\/{rel}","templated":true}]}}