{"id":2480,"date":"2008-11-04T18:57:19","date_gmt":"2008-11-04T18:57:19","guid":{"rendered":"https:\/\/udrugadrstjepankranjcic.wordpress.com\/?p=2480"},"modified":"2016-10-29T19:41:29","modified_gmt":"2016-10-29T19:41:29","slug":"osnovana-molitvena-zajednica-dr-stjepan-kranjcic","status":"publish","type":"post","link":"https:\/\/kranjcic.hr\/?p=2480","title":{"rendered":"OSNOVANA MOLITVENA ZAJEDNICA &#8220;DR. STJEPAN KRANJ\u010cI\u0106&#8221;"},"content":{"rendered":"<p><span style=\"color: #808080;\">Na blagdan sv. Karla Boromejskoga, u utorak 4. prosinca 2008., u kri\u017eeva\u010dkom \u017eupnom kompleksu sv. Ane osnovana je Molitvena zajednica \u201eDr. Stjepan Kranj\u010di\u0107&#8221;.<!--more--><\/span><\/p>\n<p><span style=\"color: #808080;\">Osnivanje je svojim dolaskom obogatio mr. <strong>Milan Pu\u0161ec<\/strong>, duhovnik na Zagreba\u010dkoj bogosloviji i postulator kauze za progla\u0161enje bla\u017eenom Marice Stankovi\u0107. On je u zajedni\u0161tvu sa \u017eupnikom \u017eupe sv. Ane vl\u010d.<strong> Kre\u0161imirom \u017dini\u0107em<\/strong> predvodio misno slavlje izrekav\u0161i u kra\u0107oj dnevnoj propovijedi nekoliko prigodnih poticajnih misli, spomenuv\u0161i se i pokojnoga kri\u017eeva\u010dkog \u017eupnika Kranj\u010di\u0107a.<\/span><\/p>\n<p><span style=\"color: #808080;\">Nakon mise \u010detrdesetak je vjernika po\u0161lo u vjeronau\u010dnu dvoranu u kojoj je mr. Pu\u0161ec, nakon pozdrava \u017eupnika \u017dini\u0107a i predsjednice Udruge za promicanje znamenitih Kri\u017eev\u010dana \u201eDr. Stjepan Kranj\u010di\u0107&#8221;\u00a0<strong>Tanje Baran<\/strong>, \u010diji su \u010dlanovi inicirali osnivanje molitvene zajednice, veoma sadr\u017eajno i nadahnuto obja\u0161njavao molitvu razmatranja. Dogovoreno je da \u0107e \u010dlanovi molitvene zajednice na putu prema sve\u0107eni\u0161tvu moliti za po jednoga bogoslova, a na kraju je susreta izmoljena molitva za otvorenje procesa za progla\u0161enje bla\u017eenim Stjepana Kranj\u010di\u0107a.<\/span><\/p>\n<p><span style=\"color: #808080;\">Na prvi susret do\u0161lo je i nekoliko predstavnika kri\u017eeva\u010dkih filijalnih sela jer je \u017eelja da bi i kri\u017eeva\u010dka sela imala svoje molitvene zajednice koje bi djelovale pod Kranj\u010di\u0107evim imenom te da bi povezane u zajedni\u0161tvu i dogovorno sve zajednice i karitativno djelovale.<\/span><\/p>\n<p><span style=\"color: #808080;\">Tajnica kri\u017eeva\u010dke Molitvene zajednice \u201eDr. Stjepan Kranj\u010di\u0107&#8221; bit \u0107e vjerou\u010diteljica<strong> Valentina Palo\u0161ika<\/strong>, a duhovni asistent \u017eupnik \u017eupe BDM \u017dalosne i sv. Marka Kri\u017eev\u010danina u Kri\u017eevcima vl\u010d. <strong>Ivan Novak<\/strong>.<\/span><\/p>\n<p><span style=\"color: #808080;\">Molitvena zajednica okuplja se svakoga prvog utorka u mjesecu u crkvi sv. Ane u Kri\u017eevcima nakon ve\u010dernje mise.<\/span><\/p>\n<p><span style=\"color: #808080;\">Oni koji \u017eele postati redovitim ili pridru\u017eenim \u010dlanovima Molitvene zajednice (o svemu vidi detaljnije u Temeljnom pravilu), dodatno se mogu informirati kod tajnice Valentine Palo\u0161ika na broju: 098 1784 005.<\/span><\/p>\n<p>&nbsp;<\/p>\n<p>&nbsp;<\/p>\n","protected":false},"excerpt":{"rendered":"<p>Na blagdan sv. Karla Boromejskoga, u utorak 4. prosinca 2008., u kri\u017eeva\u010dkom \u017eupnom kompleksu sv. Ane osnovana je Molitvena zajednica \u201eDr. Stjepan Kranj\u010di\u0107&#8221;.<\/p>\n","protected":false},"author":1,"featured_media":0,"comment_status":"closed","ping_status":"closed","sticky":false,"template":"","format":"standard","meta":{"footnotes":""},"categories":[21,8],"tags":[],"class_list":["post-2480","post","type-post","status-publish","format-standard","hentry","category-21","category-molitvena-zajednica"],"_links":{"self":[{"href":"https:\/\/kranjcic.hr\/index.php?rest_route=\/wp\/v2\/posts\/2480","targetHints":{"allow":["GET"]}}],"collection":[{"href":"https:\/\/kranjcic.hr\/index.php?rest_route=\/wp\/v2\/posts"}],"about":[{"href":"https:\/\/kranjcic.hr\/index.php?rest_route=\/wp\/v2\/types\/post"}],"author":[{"embeddable":true,"href":"https:\/\/kranjcic.hr\/index.php?rest_route=\/wp\/v2\/users\/1"}],"replies":[{"embeddable":true,"href":"https:\/\/kranjcic.hr\/index.php?rest_route=%2Fwp%2Fv2%2Fcomments&post=2480"}],"version-history":[{"count":2,"href":"https:\/\/kranjcic.hr\/index.php?rest_route=\/wp\/v2\/posts\/2480\/revisions"}],"predecessor-version":[{"id":3446,"href":"https:\/\/kranjcic.hr\/index.php?rest_route=\/wp\/v2\/posts\/2480\/revisions\/3446"}],"wp:attachment":[{"href":"https:\/\/kranjcic.hr\/index.php?rest_route=%2Fwp%2Fv2%2Fmedia&parent=2480"}],"wp:term":[{"taxonomy":"category","embeddable":true,"href":"https:\/\/kranjcic.hr\/index.php?rest_route=%2Fwp%2Fv2%2Fcategories&post=2480"},{"taxonomy":"post_tag","embeddable":true,"href":"https:\/\/kranjcic.hr\/index.php?rest_route=%2Fwp%2Fv2%2Ftags&post=2480"}],"curies":[{"name":"wp","href":"https:\/\/api.w.org\/{rel}","templated":true}]}}